{"id":12221,"date":"2021-08-27T00:01:17","date_gmt":"2021-08-27T03:01:17","guid":{"rendered":"https:\/\/revistaepocadigital.com.ar\/?p=12221"},"modified":"2021-08-27T00:06:06","modified_gmt":"2021-08-27T03:06:06","slug":"12221-2","status":"publish","type":"post","link":"https:\/\/revistaepocadigital.com.ar\/?p=12221","title":{"rendered":"Claudio Rossi, precandidato de Juntos \/ Dar el Paso, estuvo en Exaltaci\u00f3n de la Cruz"},"content":{"rendered":"<p><strong>OTRO PRECANDIDATO.<\/strong><\/p>\n<p>Transcurren d\u00edas intensos de la campa\u00f1a electoral previa a las PASO, y recorren puntos de Exaltaci\u00f3n de la Cruz, precandidatos como el ingeniero <strong>Claudio Rossi,<\/strong> intendente de Rojas y precandidato a diputado por la Segunda Secci\u00f3n Electoral, por el <strong>Frente Juntos \/ Dar El Paso. <\/strong><\/p>\n<p>Luego de una recorrida por Los Cardales, visit\u00f3 la sede de la <strong>Sociedad Rural<\/strong> en Capilla del Se\u00f1or. All\u00ed convers\u00f3 con productores locales sobre la situaci\u00f3n del sector. Rossi, al igual que otros referentes nacionales que visitaron en los \u00faltimos d\u00edas Exaltaci\u00f3n de la Cruz, brind\u00f3 su apoyo a la Lista 506 \/ 3 que encabeza Jos\u00e9\u00a0 Mar\u00eda Shmidt.<\/p>\n<p><span style=\"font-size: 15px; color: #222222;\">Consultado sobre c\u00f3mo observa la situaci\u00f3n del pa\u00eds, <\/span><strong style=\"font-size: 15px; color: #222222;\">Rossi<\/strong><span style=\"font-size: 15px; color: #222222;\"> respondi\u00f3 <\/span><em style=\"font-size: 15px; color: #222222;\">\u201cla Argentina vive una situaci\u00f3n compleja, desde lo sani<\/em><strong style=\"font-size: 15px; color: #222222;\"><em>tario, productivo, econ\u00f3mico. El pa\u00eds est\u00e1 en una involuci\u00f3n cr\u00f3nica, hace cuarenta a\u00f1os que no crecemos. Y est\u00e1 clar\u00edsimo que tanto la Naci\u00f3n como la Provincia, como muchos de los municipios requieren de transformaciones dr\u00e1sticas&#8221;.<\/em><\/strong><strong><em>&#8220;No da para ajustes &#8211;<\/em><\/strong>remarc\u00f3 Rossi<strong>-,\u00a0 <em>retoques o cambios sin importancia, hay que cambiar estructuralmente lo que nos impide crecer y desarrollarnos como comunidad. Yo creo que se est\u00e1n generando las condiciones para esos cambios, por la negativa, porque vamos a estar tan mal que nos vamos a dar cuenta que algo tenemos que hacer&#8221;.<\/em><\/strong><\/p>\n<p>Despu\u00e9s apunt\u00f3<strong>, <em>&#8220;personalmente estoy entusiasmado, porque dentro del radicalismo surge una figura que convoca a ese desaf\u00edo colectivo, Facundo Manes, es uno de esos l\u00edderes casi espirituales que nos dicen hacia donde tenemos que ir, pero todos tenemos que poner nuestro esfuerzo para ayudar a lograr enforcarnos en ese camino\u201d.<\/em><\/strong><\/p>\n<p><img loading=\"lazy\" decoding=\"async\" class=\"size-full wp-image-12223\" src=\"https:\/\/revistaepocadigital.com.ar\/wp-content\/uploads\/2021\/08\/rossi2.jpg\" alt=\"\" width=\"565\" height=\"497\" srcset=\"https:\/\/revistaepocadigital.com.ar\/wp-content\/uploads\/2021\/08\/rossi2.jpg 565w, https:\/\/revistaepocadigital.com.ar\/wp-content\/uploads\/2021\/08\/rossi2-300x264.jpg 300w, https:\/\/revistaepocadigital.com.ar\/wp-content\/uploads\/2021\/08\/rossi2-477x420.jpg 477w\" sizes=\"auto, (max-width: 565px) 100vw, 565px\" \/><\/p>\n<p><em>Con referentes locales de la UCR, el precandidato recorri\u00f3 Cardales.<\/em><\/p>\n<p>-Rossi, usted atraviesa su segundo per\u00edodo como intendente de Rojas, con una muy buena gesti\u00f3n, gran acompa\u00f1amiento en las urnas tanto en su reelecci\u00f3n como en la interna radical de marzo \u00faltimo, \u00bfPor qu\u00e9 dejar entonces su lugar de gesti\u00f3n para ocupar una banca en la legislatura provincial?<\/p>\n<p><em><strong>-Porque es un momento determinante, cr\u00edtico para la Argentina, por lo tanto, para comprometerse y desafiarlo. Estamos ante una oportunidad hist\u00f3rica de cambio de paradigmas, generando desde el congreso provincial proyectos que den m\u00e1s autonom\u00eda municipal. Se pierde mucho tiempo y energ\u00edas con la burocracia provincial. <\/strong><strong>No creo en las heroicas personales, ni proyecto que valga la pena si no trasciende a las personas. Yo soy s\u00f3lo uno m\u00e1s dentro del Frente Juntos que busca sacar al pa\u00eds del estancamiento,\u00a0 con la mirada puesta en la educaci\u00f3n, en los valores. Como dice Facundo <\/strong><\/em>(Manes) <em><strong>no puede haber revoluci\u00f3n del conocimiento, si no hay una revoluci\u00f3n \u00e9tica. E<\/strong><\/em><em><strong>se es el camino para sacar a la Argentina de la decadencia. Es aqu\u00ed y es ahora, es tiempo de Dar El Paso.<\/strong><\/em><\/p>\n","protected":false},"excerpt":{"rendered":"<p>OTRO PRECANDIDATO. Transcurren d\u00edas intensos de la campa\u00f1a electoral previa a las PASO, y recorren puntos de Exaltaci\u00f3n de la Cruz, precandidatos como el ingeniero Claudio Rossi, intendente de Rojas y precandidato a diputado por la Segunda Secci\u00f3n Electoral, por el Frente Juntos \/ Dar El Paso. Luego de una recorrida por Los Cardales, visit\u00f3 [&hellip;]<\/p>\n","protected":false},"author":3,"featured_media":12229,"comment_status":"open","ping_status":"open","sticky":false,"template":"","format":"standard","meta":{"footnotes":"","jetpack_publicize_message":"","jetpack_publicize_feature_enabled":true,"jetpack_social_post_already_shared":false,"jetpack_social_options":{"image_generator_settings":{"template":"highway","default_image_id":0,"font":"","enabled":false},"version":2}},"categories":[15],"tags":[37,1550,1551,1549],"class_list":["post-12221","post","type-post","status-publish","format-standard","has-post-thumbnail","hentry","category-lo-que-tenes-que-saber","tag-destacada","tag-paso-2o21","tag-precandidato","tag-rossi"],"jetpack_publicize_connections":[],"jetpack_featured_media_url":"https:\/\/revistaepocadigital.com.ar\/wp-content\/uploads\/2021\/08\/rossi-rural-1.jpg","jetpack_likes_enabled":true,"_links":{"self":[{"href":"https:\/\/revistaepocadigital.com.ar\/index.php?rest_route=\/wp\/v2\/posts\/12221","targetHints":{"allow":["GET"]}}],"collection":[{"href":"https:\/\/revistaepocadigital.com.ar\/index.php?rest_route=\/wp\/v2\/posts"}],"about":[{"href":"https:\/\/revistaepocadigital.com.ar\/index.php?rest_route=\/wp\/v2\/types\/post"}],"author":[{"embeddable":true,"href":"https:\/\/revistaepocadigital.com.ar\/index.php?rest_route=\/wp\/v2\/users\/3"}],"replies":[{"embeddable":true,"href":"https:\/\/revistaepocadigital.com.ar\/index.php?rest_route=%2Fwp%2Fv2%2Fcomments&post=12221"}],"version-history":[{"count":0,"href":"https:\/\/revistaepocadigital.com.ar\/index.php?rest_route=\/wp\/v2\/posts\/12221\/revisions"}],"wp:featuredmedia":[{"embeddable":true,"href":"https:\/\/revistaepocadigital.com.ar\/index.php?rest_route=\/wp\/v2\/media\/12229"}],"wp:attachment":[{"href":"https:\/\/revistaepocadigital.com.ar\/index.php?rest_route=%2Fwp%2Fv2%2Fmedia&parent=12221"}],"wp:term":[{"taxonomy":"category","embeddable":true,"href":"https:\/\/revistaepocadigital.com.ar\/index.php?rest_route=%2Fwp%2Fv2%2Fcategories&post=12221"},{"taxonomy":"post_tag","embeddable":true,"href":"https:\/\/revistaepocadigital.com.ar\/index.php?rest_route=%2Fwp%2Fv2%2Ftags&post=12221"}],"curies":[{"name":"wp","href":"https:\/\/api.w.org\/{rel}","templated":true}]}}