{"id":12238,"date":"2021-08-28T00:33:05","date_gmt":"2021-08-28T03:33:05","guid":{"rendered":"https:\/\/revistaepocadigital.com.ar\/?p=12238"},"modified":"2021-08-28T00:33:05","modified_gmt":"2021-08-28T03:33:05","slug":"vuelven-las-clases-a-full","status":"publish","type":"post","link":"https:\/\/revistaepocadigital.com.ar\/?p=12238","title":{"rendered":"VUELVEN LAS CLASES A FULL"},"content":{"rendered":"<p><strong>EL 1 DE SEPTIEMBRE.<\/strong><!--more--><\/p>\n<p>Acaso sea la fecha en que finalice tama\u00f1o calvario para los alumnos y familias, luego de tantos ideas y vueltas debido a la irrupci\u00f3n de la pandemia, medidas controversiales, pol\u00e9micas, que llevaron a que desde marzo del a\u00f1o pasado, el dictado de clases se haya visto severamente condicionado.<\/p>\n<p>El ministro de Educaci\u00f3n inform\u00f3 sobre reuniones con especialistas para analizar los cambios en el protocolo de las escuelas, como por ejemplo, reducir el distanciamiento a 90 cent\u00edmetros y otras medidas para prevenir el Covid.<\/p>\n<p>El ministro de Educaci\u00f3n de la Naci\u00f3n, Nicol\u00e1s Trotta, adelant\u00f3 que iba a reunirse con el Consejo Asesor para el establecer el regreso a las clases presenciales, a la ve que resolver modificaciones en los protocolos en las escuelas. El objetivo fue&#8221;intensificar la presencialidad&#8221;, a partir del 1 de septiembre.<\/p>\n<p>El martes Trotta se reuni\u00f3 con el gobernador bonaerense Axel Kicillof, y continu\u00f3 reuniones con el Consejo Asesor para lograr el retorno de las indispensables clases presenciales, con protocolos para evitar nuevos casos de Covid en la comunidad escolar, y los procedimientos a aplicarse en caso de que se presente un contagio en alguna instituci\u00f3n del pa\u00eds.<\/p>\n<p>&#8220;Estuvimos reunidos con los expertos analizando los protocolos a partir de lo que ha sido la mejora de los indicadores sanitarios y epidemiol\u00f3gicos constantes y el avance del proceso de vacunaci\u00f3n&#8221;, hab\u00eda dicho el ministro y agreg\u00f3, &#8220;las mejoras sanitarias nos dan la posibilidad de actualizar los protocolos para permitir intensificar la presencialidad en las aulas con responsabilidad&#8221;.<\/p>\n<p>Sobre el tema del distanciamiento entre los alumnos, Trotta aclar\u00f3 que el regreso de todo el alumnado completo en un aula con una separaci\u00f3n m\u00ednima de 90 cent\u00edmetros entre cada uno, &#8220;depender\u00e1 de la situaci\u00f3n edilicia de cada instituci\u00f3n&#8221;, la &#8220;ventilaci\u00f3n&#8221; del lugar y &#8220;el control estricto&#8221;.<\/p>\n<p>&#8220;Ante mayor reducci\u00f3n del distanciamiento, habr\u00e1 que intensificar otros controles&#8221;, asever\u00f3 el ministro, quien remarc\u00f3: &#8220;estamos evaluando la posibilidad de aumentar los controles de la circulaci\u00f3n del aire puro con medidores de di\u00f3xido de carbono, el uso de tapa bocas dobles o barbijos especiales y testeos en los estudiantes&#8221;.<\/p>\n<p>En cifras, el titular de la cartera educativa revel\u00f3 que &#8220;el 26 por ciento de las escuelas en la provincia de Buenos Aires pudieron dictar clases en sus aulas con la totalidad de los alumnos durante toda la semana&#8221;, siendo de ese total de establecimientos, 20 por ciento de escuelas rurales.<\/p>\n<p>&nbsp;<\/p>\n","protected":false},"excerpt":{"rendered":"<p>EL 1 DE SEPTIEMBRE.<\/p>\n","protected":false},"author":3,"featured_media":12240,"comment_status":"open","ping_status":"open","sticky":false,"template":"","format":"standard","meta":{"footnotes":"","jetpack_publicize_message":"","jetpack_publicize_feature_enabled":true,"jetpack_social_post_already_shared":false,"jetpack_social_options":{"image_generator_settings":{"template":"highway","default_image_id":0,"font":"","enabled":false},"version":2}},"categories":[17],"tags":[1417],"class_list":["post-12238","post","type-post","status-publish","format-standard","has-post-thumbnail","hentry","category-politica","tag-clases-presenciales"],"jetpack_publicize_connections":[],"jetpack_featured_media_url":"https:\/\/revistaepocadigital.com.ar\/wp-content\/uploads\/2021\/08\/Regreso-a-clases-Guanajuato4.jpg","jetpack_likes_enabled":true,"_links":{"self":[{"href":"https:\/\/revistaepocadigital.com.ar\/index.php?rest_route=\/wp\/v2\/posts\/12238","targetHints":{"allow":["GET"]}}],"collection":[{"href":"https:\/\/revistaepocadigital.com.ar\/index.php?rest_route=\/wp\/v2\/posts"}],"about":[{"href":"https:\/\/revistaepocadigital.com.ar\/index.php?rest_route=\/wp\/v2\/types\/post"}],"author":[{"embeddable":true,"href":"https:\/\/revistaepocadigital.com.ar\/index.php?rest_route=\/wp\/v2\/users\/3"}],"replies":[{"embeddable":true,"href":"https:\/\/revistaepocadigital.com.ar\/index.php?rest_route=%2Fwp%2Fv2%2Fcomments&post=12238"}],"version-history":[{"count":0,"href":"https:\/\/revistaepocadigital.com.ar\/index.php?rest_route=\/wp\/v2\/posts\/12238\/revisions"}],"wp:featuredmedia":[{"embeddable":true,"href":"https:\/\/revistaepocadigital.com.ar\/index.php?rest_route=\/wp\/v2\/media\/12240"}],"wp:attachment":[{"href":"https:\/\/revistaepocadigital.com.ar\/index.php?rest_route=%2Fwp%2Fv2%2Fmedia&parent=12238"}],"wp:term":[{"taxonomy":"category","embeddable":true,"href":"https:\/\/revistaepocadigital.com.ar\/index.php?rest_route=%2Fwp%2Fv2%2Fcategories&post=12238"},{"taxonomy":"post_tag","embeddable":true,"href":"https:\/\/revistaepocadigital.com.ar\/index.php?rest_route=%2Fwp%2Fv2%2Ftags&post=12238"}],"curies":[{"name":"wp","href":"https:\/\/api.w.org\/{rel}","templated":true}]}}