{"id":1231,"date":"2019-01-16T01:06:08","date_gmt":"2019-01-16T04:06:08","guid":{"rendered":"https:\/\/revistaepocadigital.com.ar\/?p=1231"},"modified":"2019-01-16T01:06:08","modified_gmt":"2019-01-16T04:06:08","slug":"musica-bajo-las-estrellas","status":"publish","type":"post","link":"https:\/\/revistaepocadigital.com.ar\/?p=1231","title":{"rendered":"M\u00fasica bajo las Estrellas"},"content":{"rendered":"<p><strong>LA PRIMERA NOCHE.<\/strong><\/p>\n<p><!--more-->El tradicional espect\u00e1culo veraniego, <strong>M\u00fasica bajo las Estrellas,<\/strong> tiene lugar el 27 de enero.<\/p>\n<p>El evento que organiza la Direcci\u00f3n de Cultura del municipio, comenzar\u00e1 a las 20.30 y tendr\u00e1 lugar en el <strong>Paseo Las Tipas de Capilla del Se\u00f1or.<\/strong><\/p>\n<p>La primera noche se presentar\u00e1n<strong> La Sonora Viajera<\/strong> junto con la <strong>Batucada La Mar\u00eda<\/strong> que participa en los <strong>Carnavales<\/strong> de este a\u00f1o nuevamente.<\/p>\n<p>La esperada noche contar\u00e1 adem\u00e1s con la presencia de <strong>artesanos<\/strong> locales, aguard\u00e1ndose nutrida cantidad de espectadores a un espect\u00e1culo que en las ediciones anteriores, ha sabido contar con el apoyo de la gente.<\/p>\n","protected":false},"excerpt":{"rendered":"<p>LA PRIMERA NOCHE.<\/p>\n","protected":false},"author":3,"featured_media":1232,"comment_status":"open","ping_status":"open","sticky":false,"template":"","format":"standard","meta":{"footnotes":"","jetpack_publicize_message":"","jetpack_publicize_feature_enabled":true,"jetpack_social_post_already_shared":false,"jetpack_social_options":{"image_generator_settings":{"template":"highway","default_image_id":0,"font":"","enabled":false},"version":2}},"categories":[12,14],"tags":[144],"class_list":["post-1231","post","type-post","status-publish","format-standard","has-post-thumbnail","hentry","category-espectaculos","category-la-gente","tag-musica-bajo-las-estrellas"],"jetpack_publicize_connections":[],"jetpack_featured_media_url":"https:\/\/revistaepocadigital.com.ar\/wp-content\/uploads\/2019\/01\/49400891_2324594864260126_362111394260189184_n.jpg","jetpack_likes_enabled":true,"_links":{"self":[{"href":"https:\/\/revistaepocadigital.com.ar\/index.php?rest_route=\/wp\/v2\/posts\/1231","targetHints":{"allow":["GET"]}}],"collection":[{"href":"https:\/\/revistaepocadigital.com.ar\/index.php?rest_route=\/wp\/v2\/posts"}],"about":[{"href":"https:\/\/revistaepocadigital.com.ar\/index.php?rest_route=\/wp\/v2\/types\/post"}],"author":[{"embeddable":true,"href":"https:\/\/revistaepocadigital.com.ar\/index.php?rest_route=\/wp\/v2\/users\/3"}],"replies":[{"embeddable":true,"href":"https:\/\/revistaepocadigital.com.ar\/index.php?rest_route=%2Fwp%2Fv2%2Fcomments&post=1231"}],"version-history":[{"count":0,"href":"https:\/\/revistaepocadigital.com.ar\/index.php?rest_route=\/wp\/v2\/posts\/1231\/revisions"}],"wp:featuredmedia":[{"embeddable":true,"href":"https:\/\/revistaepocadigital.com.ar\/index.php?rest_route=\/wp\/v2\/media\/1232"}],"wp:attachment":[{"href":"https:\/\/revistaepocadigital.com.ar\/index.php?rest_route=%2Fwp%2Fv2%2Fmedia&parent=1231"}],"wp:term":[{"taxonomy":"category","embeddable":true,"href":"https:\/\/revistaepocadigital.com.ar\/index.php?rest_route=%2Fwp%2Fv2%2Fcategories&post=1231"},{"taxonomy":"post_tag","embeddable":true,"href":"https:\/\/revistaepocadigital.com.ar\/index.php?rest_route=%2Fwp%2Fv2%2Ftags&post=1231"}],"curies":[{"name":"wp","href":"https:\/\/api.w.org\/{rel}","templated":true}]}}