{"id":12327,"date":"2021-08-30T23:27:27","date_gmt":"2021-08-31T02:27:27","guid":{"rendered":"https:\/\/revistaepocadigital.com.ar\/?p=12327"},"modified":"2021-08-30T23:28:46","modified_gmt":"2021-08-31T02:28:46","slug":"la-presencialidad-plena-y-cuidada-en-las-escuelas-en-vigencia-desde-el-1-de-septiembre","status":"publish","type":"post","link":"https:\/\/revistaepocadigital.com.ar\/?p=12327","title":{"rendered":"La presencialidad plena y cuidada en las escuelas. En vigencia desde el 1 de septiembre"},"content":{"rendered":"<p><strong>DEFINIDAS LAS MEDIDAS.<\/strong><!--more--><\/p>\n<p>Vigentes desde el 1 de septiembre. Lo defini\u00f3 la Direcci\u00f3n General de<br \/>\nCultura y Educaci\u00f3n, tras el acuerdo alcanzado en el Consejo Federal de Educaci\u00f3n. Se<br \/>\nfundament\u00f3 en el descenso sostenido de casos, producto del cumplimiento de las<br \/>\nmedidas de cuidado y en el gran avance de la campa\u00f1a de vacunaci\u00f3n, de acuerdo a lo informado desde el gobierno de la provincia de Buenos Aires.<\/p>\n<p>En consonancia con los acuerdos alcanzados por las jurisdicciones en la 109\u00b0 Asamblea<br \/>\ndel Consejo Federal de Educaci\u00f3n y contenidos en la Resoluci\u00f3n 400\/2021 de dicho<br \/>\norganismo, la provincia de Buenos Aires da inicio a una nueva etapa de la<br \/>\npresencialidad cuidada en todas sus instituciones educativas a partir del 1 de<br \/>\nseptiembre.<\/p>\n<p>Con el objetivo de avanzar hacia la<strong> presencialidad cuidada plena del conjunto de<\/strong><br \/>\n<strong>estudiantes de cada curso durante su jornada habitual<\/strong>, se actualizan las medidas de<br \/>\ncuidado relativas al distanciamiento social de referencia dentro del aula.<\/p>\n<p>En consonancia con los avances cient\u00edficos y las recomendaciones internacionales, el<br \/>\n<strong>distanciamiento social de referencia dentro del aula pasar\u00e1 de 1,5 metros a 90<\/strong><br \/>\n<strong>cent\u00edmetros<\/strong>. En los casos excepcionales donde no se pueda cumplir con la distancia de<br \/>\nreferencia, se procurar\u00e1 mantener siempre la m\u00e1xima distancia posible entre<br \/>\nestudiantes debiendo respetarse en todos los casos un aforo de 1 metro cuadrado<br \/>\npor persona, y se reforzar\u00e1n las medidas de cuidado a partir de una estrategia de<br \/>\nvigilancia epidemiol\u00f3gica activa en las escuelas, para la detecci\u00f3n de casos<br \/>\nasintom\u00e1ticos. Esto comprender\u00e1 tanto a trabajadoras y trabajadores de la educaci\u00f3n<br \/>\ncomo a estudiantes. De esta forma, cada semana se realizar\u00e1 en esos establecimientos<br \/>\neducativos, un testeo muestral con un procedimiento no invasivo y de resultado<br \/>\ninmediato, para el que se requerir\u00e1 el previo consentimiento informado de las personas<br \/>\nadultas responsables de cada estudiante.<\/p>\n<p>Por otra parte, esos establecimientos educativos deber\u00e1n mantener la adecuada<br \/>\n<strong>ventilaci\u00f3n de las aulas<\/strong>, para lo cual ser\u00e1 fundamental el uso de medidores de di\u00f3xido<br \/>\nde carbono. Tambi\u00e9n contar\u00e1n con <strong>fondos disponibles para adquirir tapabocas<\/strong> con la<br \/>\ncomposici\u00f3n de capas y el ajuste adecuado, posibilitando una mayor protecci\u00f3n a los estudiantes que lo requieran.<\/p>\n<p>Sobre el inicio de esta<strong> nueva etapa de presencialidad cuidada<\/strong>, la titular de la cartera<br \/>\neducativa de la provincia, Agustina Vila, afirm\u00f3: \u201cEl conjunto del sistema educativo<br \/>\nbonaerense y, en especial, quienes cotidianamente habitan las instituciones educativas,<br \/>\ndemuestran cada d\u00eda un enorme compromiso con el cumplimiento de las pautas de<br \/>\ncuidado contribuyendo para que las escuelas sean un lugar seguro para la mitigaci\u00f3n<br \/>\nde riesgos\u201d.<\/p>\n<p>\u201cLa mejora en los indicadores epidemiol\u00f3gicos junto al avance en la campa\u00f1a de<br \/>\nvacunaci\u00f3n nos permiten aplicar en forma responsable nuevas instancias que<br \/>\ncontin\u00faen fortaleciendo la presencia cuidada en las aulas y garantizando el derecho<br \/>\nsocial a la Educaci\u00f3n y a la Salud\u201d, finaliz\u00f3.<\/p>\n<p><strong>En todas las escuelas bonaerenses se mantienen las medidas establecidas por el Plan <\/strong><strong>Jurisdiccional para el regreso seguro a las clases presenciales<\/strong>. De esta manera, contin\u00faa siendo obligatorio el uso de tapaboca por parte de la comunidad educativa durante toda la jornada, la ventilaci\u00f3n adecuada permanente de las aulas y espacios comunes, la distancia m\u00ednima de dos metros con las y los docentes, la higiene personal y la limpieza y desinfecci\u00f3n de los espacios f\u00edsicos, el ingreso y egreso escalonado y la distancia de dos metros entre los diferentes grupos de estudiantes en los espacios<br \/>\ncomunes.<\/p>\n<p><strong>La actualizaci\u00f3n del distanciamiento social de referencia dentro del aula<\/strong><br \/>\n<strong>tendr\u00e1 vigencia siempre que se mantenga la situaci\u00f3n epidemiol\u00f3gica actual.<\/strong><br \/>\nAdem\u00e1s, las 13.700 escuelas de gesti\u00f3n estatal continuar\u00e1n utilizando los medidores<br \/>\nde di\u00f3xido de carbono para mantener una adecuada ventilaci\u00f3n de los ambientes en la<br \/>\nescuela, mitigando el riesgo de contagio.<\/p>\n<p>Cabe recordar que esta actualizaci\u00f3n de las medidas de cuidado, definidas<br \/>\nconjuntamente entre las carteras de Educaci\u00f3n y Salud de la Naci\u00f3n y de las provincias<br \/>\ncon el asesoramiento continuo de expertos, se desarroll\u00f3 a partir de la actual situaci\u00f3n<br \/>\nepidemiol\u00f3gica alcanzada, con un<strong> descenso sostenido durante m\u00e1s de tres meses de la <\/strong><strong>cantidad semanal de casos positivos<\/strong> y la intensificaci\u00f3n de la campa\u00f1a de vacunaci\u00f3n, que ha alcanzado una cobertura del 90% de la poblaci\u00f3n mayor de 18 a\u00f1os vacunada con al menos una dosis y del 40% con el esquema de vacunaci\u00f3n completo.<\/p>\n","protected":false},"excerpt":{"rendered":"<p>DEFINIDAS LAS MEDIDAS.<\/p>\n","protected":false},"author":3,"featured_media":12332,"comment_status":"open","ping_status":"open","sticky":false,"template":"","format":"standard","meta":{"footnotes":"","jetpack_publicize_message":"","jetpack_publicize_feature_enabled":true,"jetpack_social_post_already_shared":false,"jetpack_social_options":{"image_generator_settings":{"template":"highway","default_image_id":0,"font":"","enabled":false},"version":2}},"categories":[17],"tags":[1561,1560],"class_list":["post-12327","post","type-post","status-publish","format-standard","has-post-thumbnail","hentry","category-politica","tag-1-setiembre","tag-clases-plenas"],"jetpack_publicize_connections":[],"jetpack_featured_media_url":"https:\/\/revistaepocadigital.com.ar\/wp-content\/uploads\/2021\/08\/5f1abf8a47994_1004x565.jpg","jetpack_likes_enabled":true,"_links":{"self":[{"href":"https:\/\/revistaepocadigital.com.ar\/index.php?rest_route=\/wp\/v2\/posts\/12327","targetHints":{"allow":["GET"]}}],"collection":[{"href":"https:\/\/revistaepocadigital.com.ar\/index.php?rest_route=\/wp\/v2\/posts"}],"about":[{"href":"https:\/\/revistaepocadigital.com.ar\/index.php?rest_route=\/wp\/v2\/types\/post"}],"author":[{"embeddable":true,"href":"https:\/\/revistaepocadigital.com.ar\/index.php?rest_route=\/wp\/v2\/users\/3"}],"replies":[{"embeddable":true,"href":"https:\/\/revistaepocadigital.com.ar\/index.php?rest_route=%2Fwp%2Fv2%2Fcomments&post=12327"}],"version-history":[{"count":0,"href":"https:\/\/revistaepocadigital.com.ar\/index.php?rest_route=\/wp\/v2\/posts\/12327\/revisions"}],"wp:featuredmedia":[{"embeddable":true,"href":"https:\/\/revistaepocadigital.com.ar\/index.php?rest_route=\/wp\/v2\/media\/12332"}],"wp:attachment":[{"href":"https:\/\/revistaepocadigital.com.ar\/index.php?rest_route=%2Fwp%2Fv2%2Fmedia&parent=12327"}],"wp:term":[{"taxonomy":"category","embeddable":true,"href":"https:\/\/revistaepocadigital.com.ar\/index.php?rest_route=%2Fwp%2Fv2%2Fcategories&post=12327"},{"taxonomy":"post_tag","embeddable":true,"href":"https:\/\/revistaepocadigital.com.ar\/index.php?rest_route=%2Fwp%2Fv2%2Ftags&post=12327"}],"curies":[{"name":"wp","href":"https:\/\/api.w.org\/{rel}","templated":true}]}}