{"id":12334,"date":"2021-08-31T20:31:41","date_gmt":"2021-08-31T23:31:41","guid":{"rendered":"https:\/\/revistaepocadigital.com.ar\/?p=12334"},"modified":"2021-08-31T23:15:23","modified_gmt":"2021-09-01T02:15:23","slug":"historica-cirugia-a-corazon-abierto-en-el-hospital-san-jose","status":"publish","type":"post","link":"https:\/\/revistaepocadigital.com.ar\/?p=12334","title":{"rendered":"HIST\u00d3RICA CIRUG\u00cdA A CORAZ\u00d3N ABIERTO EN EL HOSPITAL SAN JOS\u00c9"},"content":{"rendered":"<div class=\"\" dir=\"auto\">\n<div id=\"jsc_c_11t\" class=\"ecm0bbzt hv4rvrfc ihqw7lf3 dati1w0a\" data-ad-comet-preview=\"message\" data-ad-preview=\"message\">\n<div class=\"j83agx80 cbu4d94t ew0dbk1b irj2b8pg\">\n<div class=\"qzhwtbm6 knvmm38d\">\n<div class=\"kvgmc6g5 cxmmr5t8 oygrvhab hcukyx3x c1et5uql ii04i59q\">\n<div dir=\"auto\"><strong>UN LOGRO NOTABLE.<!--more--><\/strong><\/div>\n<div dir=\"auto\"><\/div>\n<\/div>\n<div class=\"o9v6fnle cxmmr5t8 oygrvhab hcukyx3x c1et5uql ii04i59q\">\n<div dir=\"auto\">El equipo de m\u00e9dicos, profesionales y auxiliares del Hospital San Jos\u00e9 de Capilla del Se\u00f1or, llev\u00f3 adelante (31\/8), un hecho m\u00e9dico in\u00e9dito concretado en el centro asistencial exaltacrucense.<\/div>\n<div dir=\"auto\"><\/div>\n<div dir=\"auto\">Fue realizada la primera cirug\u00eda a coraz\u00f3n abierto, y el equipo m\u00e9dico fue encabezado por los reconocidos,\u00a0 <strong>Dr. Alejandro Bazan y el Dr. Mariano Campeni.<\/strong><\/div>\n<\/div>\n<\/div>\n<div dir=\"auto\"><\/div>\n<\/div>\n<\/div>\n<div dir=\"auto\">\n<p><img loading=\"lazy\" decoding=\"async\" class=\"size-full wp-image-12357\" src=\"https:\/\/revistaepocadigital.com.ar\/wp-content\/uploads\/2021\/08\/bazan.jpg\" alt=\"\" width=\"553\" height=\"462\" srcset=\"https:\/\/revistaepocadigital.com.ar\/wp-content\/uploads\/2021\/08\/bazan.jpg 553w, https:\/\/revistaepocadigital.com.ar\/wp-content\/uploads\/2021\/08\/bazan-300x251.jpg 300w, https:\/\/revistaepocadigital.com.ar\/wp-content\/uploads\/2021\/08\/bazan-503x420.jpg 503w\" sizes=\"auto, (max-width: 553px) 100vw, 553px\" \/><\/p>\n<\/div>\n<div id=\"jsc_c_11t\" class=\"ecm0bbzt hv4rvrfc ihqw7lf3 dati1w0a\" data-ad-comet-preview=\"message\" data-ad-preview=\"message\">\n<div class=\"j83agx80 cbu4d94t ew0dbk1b irj2b8pg\">\n<div class=\"qzhwtbm6 knvmm38d\">\n<div dir=\"auto\"><em>El\u00a0 Dr. Alejandro Bazan.<\/em><\/div>\n<div dir=\"auto\"><\/div>\n<div class=\"o9v6fnle cxmmr5t8 oygrvhab hcukyx3x c1et5uql ii04i59q\">\n<div dir=\"auto\">La operaci\u00f3n la realizaron en un paciente con antecedentes coronarios, quien requer\u00eda un tratamiento nunca antes practicado en el sistema sanitario local. La intervenci\u00f3n reflej\u00f3 llos aspectos t\u00e9cnicos dispuesto en el hospital, as\u00ed como las aptitudes de los profesionales que llevaron a cabo la intervenci\u00f3n., la labor se pudo llevar adelante.<\/div>\n<div dir=\"auto\"><\/div>\n<\/div>\n<div class=\"o9v6fnle cxmmr5t8 oygrvhab hcukyx3x c1et5uql ii04i59q\">\n<div dir=\"auto\">Desde el municipio se hizo saber: <em>&#8220;Enviamos nuestro abrazo m\u00e1s fuerte y afectuoso a los familiares del paciente, deseando una pronta recuperaci\u00f3n. A la vez felicitamos a todo el personal del Hospital San Jos\u00e9, por el trabajo, por la dedicaci\u00f3n y por el compromiso con nuestros vecinos\/as&#8221;.<\/em><\/div>\n<\/div>\n<\/div>\n<\/div>\n<\/div>\n<\/div>\n<p><!--more--><\/p>\n","protected":false},"excerpt":{"rendered":"<p>UN LOGRO NOTABLE.<\/p>\n","protected":false},"author":3,"featured_media":12357,"comment_status":"open","ping_status":"open","sticky":false,"template":"","format":"standard","meta":{"footnotes":"","jetpack_publicize_message":"","jetpack_publicize_feature_enabled":true,"jetpack_social_post_already_shared":false,"jetpack_social_options":{"image_generator_settings":{"template":"highway","default_image_id":0,"font":"","enabled":false},"version":2}},"categories":[13],"tags":[133,1562],"class_list":["post-12334","post","type-post","status-publish","format-standard","has-post-thumbnail","hentry","category-interes-general","tag-hospital","tag-operacion-corazon-abierto"],"jetpack_publicize_connections":[],"jetpack_featured_media_url":"https:\/\/revistaepocadigital.com.ar\/wp-content\/uploads\/2021\/08\/bazan.jpg","jetpack_likes_enabled":true,"_links":{"self":[{"href":"https:\/\/revistaepocadigital.com.ar\/index.php?rest_route=\/wp\/v2\/posts\/12334","targetHints":{"allow":["GET"]}}],"collection":[{"href":"https:\/\/revistaepocadigital.com.ar\/index.php?rest_route=\/wp\/v2\/posts"}],"about":[{"href":"https:\/\/revistaepocadigital.com.ar\/index.php?rest_route=\/wp\/v2\/types\/post"}],"author":[{"embeddable":true,"href":"https:\/\/revistaepocadigital.com.ar\/index.php?rest_route=\/wp\/v2\/users\/3"}],"replies":[{"embeddable":true,"href":"https:\/\/revistaepocadigital.com.ar\/index.php?rest_route=%2Fwp%2Fv2%2Fcomments&post=12334"}],"version-history":[{"count":0,"href":"https:\/\/revistaepocadigital.com.ar\/index.php?rest_route=\/wp\/v2\/posts\/12334\/revisions"}],"wp:featuredmedia":[{"embeddable":true,"href":"https:\/\/revistaepocadigital.com.ar\/index.php?rest_route=\/wp\/v2\/media\/12357"}],"wp:attachment":[{"href":"https:\/\/revistaepocadigital.com.ar\/index.php?rest_route=%2Fwp%2Fv2%2Fmedia&parent=12334"}],"wp:term":[{"taxonomy":"category","embeddable":true,"href":"https:\/\/revistaepocadigital.com.ar\/index.php?rest_route=%2Fwp%2Fv2%2Fcategories&post=12334"},{"taxonomy":"post_tag","embeddable":true,"href":"https:\/\/revistaepocadigital.com.ar\/index.php?rest_route=%2Fwp%2Fv2%2Ftags&post=12334"}],"curies":[{"name":"wp","href":"https:\/\/api.w.org\/{rel}","templated":true}]}}