{"id":1235,"date":"2019-01-11T01:34:36","date_gmt":"2019-01-11T04:34:36","guid":{"rendered":"https:\/\/revistaepocadigital.com.ar\/?p=1235"},"modified":"2019-01-16T10:43:51","modified_gmt":"2019-01-16T13:43:51","slug":"mesaza-cara","status":"publish","type":"post","link":"https:\/\/revistaepocadigital.com.ar\/?p=1235","title":{"rendered":"MESAZA CARA"},"content":{"rendered":"<p><strong>EN MAR DEL PLATA.<\/strong><!--more--><\/p>\n<p>Donde <strong>Mar\u00eda Eugenia Vidal<\/strong> ha estado matizando vacaciones con pol\u00edtica, la gobernadora estuvo hace poco (6 de enero) en el programa<\/p>\n<hr \/>\n<p><strong>Mirta Legrand,<\/strong> al que invitada junto a otras conocidas figuras. El tema del d\u00eda fue seg\u00fan resalt\u00f3 el portal <em>enorsai.com.ar<\/em>, el coraje de la gobernadora al enfrentar a guardavidas precarizados.<\/p>\n<p>La cena fue amena, y con la pretendida espontaneidad de siempre, Mirtha ley\u00f3 una por una las preguntas que la producci\u00f3n hab\u00eda preparado para la invitada especial. A Vidal, en alg\u00fan momento, se le escap\u00f3 una frase que delataba la punta del montaje, <em>\u201choy repasaba que decir\u201c.<\/em> La cena cordial, con Mirtha deshaci\u00e9ndose en generosos cumplidos que Mar\u00eda Eugenia recib\u00eda con sonrisas humildes.<\/p>\n<p><img loading=\"lazy\" decoding=\"async\" class=\"aligncenter size-full wp-image-1236\" src=\"https:\/\/revistaepocadigital.com.ar\/wp-content\/uploads\/2019\/01\/mir.jpg\" alt=\"\" width=\"493\" height=\"552\" srcset=\"https:\/\/revistaepocadigital.com.ar\/wp-content\/uploads\/2019\/01\/mir.jpg 493w, https:\/\/revistaepocadigital.com.ar\/wp-content\/uploads\/2019\/01\/mir-268x300.jpg 268w, https:\/\/revistaepocadigital.com.ar\/wp-content\/uploads\/2019\/01\/mir-375x420.jpg 375w\" sizes=\"auto, (max-width: 493px) 100vw, 493px\" \/><\/p>\n<p>Ahora bien, el 9 de enero, seg\u00fan el mencionado sitio web, <em>&#8220;la Tesorer\u00eda de la Provincia de Buenos Aires le deposit\u00f3 $944.481 a StoryLab SA, la empresa de Nacho Viale, el nieto de la diva, que produce a Mirtha&#8221;.<\/em><\/p>\n<p>El abultado monto &#8220;<em>no es el habitual para la publicidad en el programa, considerando que la Municipalidad de Mar del Plata, a trav\u00e9s de EMTUR, pag\u00f3 recientemente, por 8 salidas en el mismo ciclo televisivo la suma de $26.620&#8243;<\/em>, reflej\u00f3 la nota del portal.<\/p>\n<article id=\"content-0\" data-reactid=\"153\">\n<div class=\"news-article-content\" data-reactid=\"176\">\n<p>En el mismo programa, <strong>Mar\u00eda Eugenia Vidal<\/strong>\u00a0reconoci\u00f3 que iba a hablar con el presidente <strong>Mauricio Macri,<\/strong> sobre la conveniencia de <strong>desdoblar<\/strong> las elecciones de la provincia de Buenos Aires.<\/p>\n<p><em>&#8220;No tenemos apuro porque no es la preocupaci\u00f3n de la gente&#8221;,<\/em> aclar\u00f3 la gobernadora. La comisi\u00f3n bicameral discutir\u00e1 tambi\u00e9n la eliminaci\u00f3n o no de las Primarias Abiertas, Simult\u00e1neas y Obligatorias (PASO) locales.<\/p>\n<p>Por otro lado, y respecto a un tema absolutamente r\u00edspido y pol\u00e9mico, <strong>Vidal<\/strong> adelant\u00f3 que en febrero convocar\u00e1 a los <strong>gremios docentes<\/strong> para negociar las paritarias de los maestros.<\/p>\n<p>&#8220;<em>Los volveremos a convocar con la mejor oferta posible, pero deben tener la vocaci\u00f3n de empezar las clases en tiempo y forma porque de lo contrario\u00a0ser\u00eda una tragedia para<strong> 2,5 millones de chicos<\/strong> que necesitan de la escuela p\u00fablica&#8221;,<\/em> enfatiz\u00f3 Vidal.<\/p>\n<p>Finalmente, la <strong>gobernadora<\/strong> defendi\u00f3 su gesti\u00f3n de tres a\u00f1os en la Provincia al destacar:<em> &#8220;Eliminamos gastos innecesarios, recortamos cargos pol\u00edticos, achicamos la pauta publicitaria. Cada peso suma: son escuelas, ambulancias, patrulleros. Son 1800 obras que empezamos y terminamos&#8221;.<\/em><\/p>\n<\/div>\n<p>Foto portada: gentileza Infobae.<\/p>\n<\/article>\n<div class=\"programs-wrapper\">\n<div class=\"profiles\"><\/div>\n<\/div>\n","protected":false},"excerpt":{"rendered":"<p>EN MAR DEL PLATA.<\/p>\n","protected":false},"author":3,"featured_media":1239,"comment_status":"open","ping_status":"open","sticky":false,"template":"","format":"standard","meta":{"footnotes":"","jetpack_publicize_message":"","jetpack_publicize_feature_enabled":true,"jetpack_social_post_already_shared":false,"jetpack_social_options":{"image_generator_settings":{"template":"highway","default_image_id":0,"font":"","enabled":false},"version":2}},"categories":[17],"tags":[37,147,145,146],"class_list":["post-1235","post","type-post","status-publish","format-standard","has-post-thumbnail","hentry","category-politica","tag-destacada","tag-legrand","tag-mirta-legrand","tag-vidal"],"jetpack_publicize_connections":[],"jetpack_featured_media_url":"https:\/\/revistaepocadigital.com.ar\/wp-content\/uploads\/2019\/01\/Mirtha-Legrand-4.jpg","jetpack_likes_enabled":true,"_links":{"self":[{"href":"https:\/\/revistaepocadigital.com.ar\/index.php?rest_route=\/wp\/v2\/posts\/1235","targetHints":{"allow":["GET"]}}],"collection":[{"href":"https:\/\/revistaepocadigital.com.ar\/index.php?rest_route=\/wp\/v2\/posts"}],"about":[{"href":"https:\/\/revistaepocadigital.com.ar\/index.php?rest_route=\/wp\/v2\/types\/post"}],"author":[{"embeddable":true,"href":"https:\/\/revistaepocadigital.com.ar\/index.php?rest_route=\/wp\/v2\/users\/3"}],"replies":[{"embeddable":true,"href":"https:\/\/revistaepocadigital.com.ar\/index.php?rest_route=%2Fwp%2Fv2%2Fcomments&post=1235"}],"version-history":[{"count":0,"href":"https:\/\/revistaepocadigital.com.ar\/index.php?rest_route=\/wp\/v2\/posts\/1235\/revisions"}],"wp:featuredmedia":[{"embeddable":true,"href":"https:\/\/revistaepocadigital.com.ar\/index.php?rest_route=\/wp\/v2\/media\/1239"}],"wp:attachment":[{"href":"https:\/\/revistaepocadigital.com.ar\/index.php?rest_route=%2Fwp%2Fv2%2Fmedia&parent=1235"}],"wp:term":[{"taxonomy":"category","embeddable":true,"href":"https:\/\/revistaepocadigital.com.ar\/index.php?rest_route=%2Fwp%2Fv2%2Fcategories&post=1235"},{"taxonomy":"post_tag","embeddable":true,"href":"https:\/\/revistaepocadigital.com.ar\/index.php?rest_route=%2Fwp%2Fv2%2Ftags&post=1235"}],"curies":[{"name":"wp","href":"https:\/\/api.w.org\/{rel}","templated":true}]}}