{"id":12375,"date":"2021-09-01T12:46:22","date_gmt":"2021-09-01T15:46:22","guid":{"rendered":"https:\/\/revistaepocadigital.com.ar\/?p=12375"},"modified":"2021-09-02T16:33:34","modified_gmt":"2021-09-02T19:33:34","slug":"la-comision-directiva-de-utedyc-seccional-exaltacion-de-la-cruz-informa","status":"publish","type":"post","link":"https:\/\/revistaepocadigital.com.ar\/?p=12375","title":{"rendered":"UTEDYC Seccional Exaltaci\u00f3n de la Cruz. CONVOCATORIA A ELECCIONES GENERALES"},"content":{"rendered":"<p><img decoding=\"async\" src=\"https:\/\/revistaepocadigital.com.ar\/wp-content\/uploads\/2021\/08\/cominicado.jpg\" \/><\/p>\n<p>&nbsp;<\/p>\n<p>&#8212;&#8212;&#8212;&#8212;&#8212;&#8212;&#8212;&#8212;&#8212;&#8212;&#8212;&#8212;&#8212;&#8212;&#8212;&#8212;&#8212;&#8212;&#8212;&#8212;&#8212;&#8212;&#8212;&#8212;&#8212;&#8212;&#8212;&#8212;&#8212;&#8212;&#8212;&#8212;&#8212;&#8212;<\/p>\n<p>&nbsp;<\/p>\n<p>La Comisi\u00f3n Directiva de UTEDYC Seccional Exaltaci\u00f3n de la Cruz, informa que, conforme lo resuelto por el Secretariado Nacional, se ha publicado la convocatoria a Elecciones Generales de los Cuerpos Directivos de la Uni\u00f3n, Consejo Directivo Central y Comisiones Directivas de Seccionales, en el Diario Clar\u00edn del d\u00eda 1 de septiembre 2021, con el detalle de cargos a cubrir, mandatos, lugares de votaci\u00f3n y dem\u00e1s cuestiones atinentes al acto eleccionario. El comicio se realizar\u00e1 el d\u00eda 9 de noviembre 2021, en el horario de 8 a 18.00 horas. La Junta Electoral Local, est\u00e1 integrada por los miembros Titulares:<\/p>\n<p>GOMEZ DANIE REMIGIO af. N\u00b0 253801,<br \/>\nROJAS MAXIMILIANO RAUL af. N\u00b0 229890<br \/>\nCOLLAZO MARIA DE LOS ANGELES af. N\u00b0 193567<\/p>\n<p>Suplentes:<br \/>\nMARTINEZ SANTILLAN LUIS af. N\u00b0 104538<br \/>\nAGUILEA MONICA ESTHER af. N\u00b0 312751<br \/>\nVEGA FELIX af. N\u00b0 251300<\/p>\n<p>atender\u00e1 en la sede sindical ubicada en la calle Alem 681 de la Ciudad de Capilla del Se\u00f1or los d\u00edas lunes, mi\u00e9rcoles y viernes de 15 a 18hs y se encuentra a disposici\u00f3n de los afiliados para brindar toda la informaci\u00f3n necesaria. La presentaci\u00f3n de listas de candidatos vence el 15 de septiembre a las 24 hs. d\u00eda en el que se extender\u00e1 hasta dicho horario el funcionamiento de la Junta Electoral.<\/p>\n","protected":false},"excerpt":{"rendered":"<p>&nbsp; &#8212;&#8212;&#8212;&#8212;&#8212;&#8212;&#8212;&#8212;&#8212;&#8212;&#8212;&#8212;&#8212;&#8212;&#8212;&#8212;&#8212;&#8212;&#8212;&#8212;&#8212;&#8212;&#8212;&#8212;&#8212;&#8212;&#8212;&#8212;&#8212;&#8212;&#8212;&#8212;&#8212;&#8212; &nbsp; La Comisi\u00f3n Directiva de UTEDYC Seccional Exaltaci\u00f3n de la Cruz, informa que, conforme lo resuelto por el Secretariado Nacional, se ha publicado la convocatoria a Elecciones Generales de los Cuerpos Directivos de la Uni\u00f3n, Consejo Directivo Central y Comisiones Directivas de Seccionales, en el Diario Clar\u00edn del d\u00eda 1 de septiembre 2021, [&hellip;]<\/p>\n","protected":false},"author":3,"featured_media":12362,"comment_status":"open","ping_status":"open","sticky":false,"template":"","format":"standard","meta":{"footnotes":"","jetpack_publicize_message":"","jetpack_publicize_feature_enabled":true,"jetpack_social_post_already_shared":false,"jetpack_social_options":{"image_generator_settings":{"template":"highway","default_image_id":0,"font":"","enabled":false},"version":2}},"categories":[10],"tags":[37,1565],"class_list":["post-12375","post","type-post","status-publish","format-standard","has-post-thumbnail","hentry","category-editorial","tag-destacada","tag-utedyc"],"jetpack_publicize_connections":[],"jetpack_featured_media_url":"https:\/\/revistaepocadigital.com.ar\/wp-content\/uploads\/2021\/08\/cominicado.jpg","jetpack_likes_enabled":true,"_links":{"self":[{"href":"https:\/\/revistaepocadigital.com.ar\/index.php?rest_route=\/wp\/v2\/posts\/12375","targetHints":{"allow":["GET"]}}],"collection":[{"href":"https:\/\/revistaepocadigital.com.ar\/index.php?rest_route=\/wp\/v2\/posts"}],"about":[{"href":"https:\/\/revistaepocadigital.com.ar\/index.php?rest_route=\/wp\/v2\/types\/post"}],"author":[{"embeddable":true,"href":"https:\/\/revistaepocadigital.com.ar\/index.php?rest_route=\/wp\/v2\/users\/3"}],"replies":[{"embeddable":true,"href":"https:\/\/revistaepocadigital.com.ar\/index.php?rest_route=%2Fwp%2Fv2%2Fcomments&post=12375"}],"version-history":[{"count":0,"href":"https:\/\/revistaepocadigital.com.ar\/index.php?rest_route=\/wp\/v2\/posts\/12375\/revisions"}],"wp:featuredmedia":[{"embeddable":true,"href":"https:\/\/revistaepocadigital.com.ar\/index.php?rest_route=\/wp\/v2\/media\/12362"}],"wp:attachment":[{"href":"https:\/\/revistaepocadigital.com.ar\/index.php?rest_route=%2Fwp%2Fv2%2Fmedia&parent=12375"}],"wp:term":[{"taxonomy":"category","embeddable":true,"href":"https:\/\/revistaepocadigital.com.ar\/index.php?rest_route=%2Fwp%2Fv2%2Fcategories&post=12375"},{"taxonomy":"post_tag","embeddable":true,"href":"https:\/\/revistaepocadigital.com.ar\/index.php?rest_route=%2Fwp%2Fv2%2Ftags&post=12375"}],"curies":[{"name":"wp","href":"https:\/\/api.w.org\/{rel}","templated":true}]}}