{"id":12397,"date":"2021-09-02T23:41:42","date_gmt":"2021-09-03T02:41:42","guid":{"rendered":"https:\/\/revistaepocadigital.com.ar\/?p=12397"},"modified":"2021-09-02T23:41:42","modified_gmt":"2021-09-03T02:41:42","slug":"dia-internacional-de-los-pintores-con-la-boca-y-el-pie-capilla-tiene-un-gran-representante","status":"publish","type":"post","link":"https:\/\/revistaepocadigital.com.ar\/?p=12397","title":{"rendered":"D\u00eda internacional de los Pintores con la boca y el pie. Capilla tiene un gran representante"},"content":{"rendered":"<p dir=\"ltr\"><strong>ES CELEBRADO CADA 5 DE SEPTIEMBRE. C\u00c9SAR BARCIA UN ARTISTA.<\/strong><!--more--><\/p>\n<p dir=\"ltr\">El 5 de septiembre es el D\u00eda internacional de los Pintores con la boca y el pie. Tiene lugar en conmemoraci\u00f3n al fundador de VDMFK y emprendedor Erich Stegmann. <em>&#8220;Con sus convicciones y determinaci\u00f3n logr\u00f3 ayudar y motivar a miles de artistas alrededor del mundo, quienes pintan con la boca y el pie, a desarrollarse como artistas y seguir adelante con nuestro esfuerzo y trabajo&#8221;, <\/em>ha dicho <strong>Barcia<\/strong> consultado por EPOCA.<\/p>\n<figure id=\"attachment_12401\" aria-describedby=\"caption-attachment-12401\" style=\"width: 576px\" class=\"wp-caption alignright\"><img loading=\"lazy\" decoding=\"async\" class=\"size-full wp-image-12401\" src=\"https:\/\/revistaepocadigital.com.ar\/wp-content\/uploads\/2021\/09\/barcia-3.jpg\" alt=\"\" width=\"576\" height=\"432\" srcset=\"https:\/\/revistaepocadigital.com.ar\/wp-content\/uploads\/2021\/09\/barcia-3.jpg 576w, https:\/\/revistaepocadigital.com.ar\/wp-content\/uploads\/2021\/09\/barcia-3-300x225.jpg 300w, https:\/\/revistaepocadigital.com.ar\/wp-content\/uploads\/2021\/09\/barcia-3-80x60.jpg 80w, https:\/\/revistaepocadigital.com.ar\/wp-content\/uploads\/2021\/09\/barcia-3-160x120.jpg 160w, https:\/\/revistaepocadigital.com.ar\/wp-content\/uploads\/2021\/09\/barcia-3-265x198.jpg 265w, https:\/\/revistaepocadigital.com.ar\/wp-content\/uploads\/2021\/09\/barcia-3-560x420.jpg 560w\" sizes=\"auto, (max-width: 576px) 100vw, 576px\" \/><figcaption id=\"caption-attachment-12401\" class=\"wp-caption-text\">El pintor capillense en plena labor.<\/figcaption><\/figure>\n<p dir=\"ltr\"><em>&#8220;Estoy feliz y agradecido de pertenecer a VDMFK desde hace mas de 10 a\u00f1os<\/em> -reconoce el artista capillense-, somos una gran familia de artistas en el mundo entero, m\u00e1s de 800 artistas, todos estamos conectados por el arte y apoyados por VDMFK que d\u00eda a d\u00eda nos incentiva a seguir creciendo como artistas&#8221;.<\/p>\n<p dir=\"ltr\">&#8220;El apoyo que recibimos -apunta entusiasmado C\u00e9sar- nos permite llegar con nuestro arte a los hogares de todas las personas, que adquieren las reproducciones de nuestras obras en forma de almanaques, postales, tarjetas de saludos, entre otras. Es algo maravilloso saber que algunas obras m\u00edas por ejemplo, est\u00e1n siendo vistas en algunos almanaques que tienen personas en distintas partes del mundo!&#8221;.<\/p>\n<p dir=\"ltr\"><img loading=\"lazy\" decoding=\"async\" class=\"aligncenter size-large wp-image-12402\" src=\"https:\/\/revistaepocadigital.com.ar\/wp-content\/uploads\/2021\/09\/barcia-2-960x1200.jpg\" alt=\"\" width=\"696\" height=\"870\" srcset=\"https:\/\/revistaepocadigital.com.ar\/wp-content\/uploads\/2021\/09\/barcia-2-960x1200.jpg 960w, https:\/\/revistaepocadigital.com.ar\/wp-content\/uploads\/2021\/09\/barcia-2-240x300.jpg 240w, https:\/\/revistaepocadigital.com.ar\/wp-content\/uploads\/2021\/09\/barcia-2-768x960.jpg 768w, https:\/\/revistaepocadigital.com.ar\/wp-content\/uploads\/2021\/09\/barcia-2-696x870.jpg 696w, https:\/\/revistaepocadigital.com.ar\/wp-content\/uploads\/2021\/09\/barcia-2-1068x1335.jpg 1068w, https:\/\/revistaepocadigital.com.ar\/wp-content\/uploads\/2021\/09\/barcia-2-336x420.jpg 336w, https:\/\/revistaepocadigital.com.ar\/wp-content\/uploads\/2021\/09\/barcia-2-672x840.jpg 672w, https:\/\/revistaepocadigital.com.ar\/wp-content\/uploads\/2021\/09\/barcia-2.jpg 1080w\" sizes=\"auto, (max-width: 696px) 100vw, 696px\" \/><\/p>\n<p dir=\"ltr\">Otra obra de Barcia.<\/p>\n<p dir=\"ltr\">Acerca de las estupendas pinturas que realizan, Barcia ha dicho, <em>&#8220;quiero\u00a0 invitarlos a todos, a que vean nuestros trabajos, somos artistas argentinos que\u00a0 integramos la Asociaci\u00f3n en <a href=\"http:\/\/www.apbp.com.ar\/\" target=\"_blank\" rel=\"nofollow noopener noreferrer\">www.apbp.com.ar<\/a>, y si gustan desde ah\u00ed pueden solicitar sus kit de postales y almanaques para recibirlos en sus casas&#8221;.<\/em><\/p>\n","protected":false},"excerpt":{"rendered":"<p>ES CELEBRADO CADA 5 DE SEPTIEMBRE. C\u00c9SAR BARCIA UN ARTISTA.<\/p>\n","protected":false},"author":4,"featured_media":12400,"comment_status":"open","ping_status":"open","sticky":false,"template":"","format":"standard","meta":{"footnotes":"","jetpack_publicize_message":"","jetpack_publicize_feature_enabled":true,"jetpack_social_post_already_shared":false,"jetpack_social_options":{"image_generator_settings":{"template":"highway","default_image_id":0,"font":"","enabled":false},"version":2}},"categories":[6],"tags":[1446,1566],"class_list":["post-12397","post","type-post","status-publish","format-standard","has-post-thumbnail","hentry","category-barrios","tag-barcia","tag-pintores-con-el-pie-y-la-boca"],"jetpack_publicize_connections":[],"jetpack_featured_media_url":"https:\/\/revistaepocadigital.com.ar\/wp-content\/uploads\/2021\/09\/barcia1.jpg","jetpack_likes_enabled":true,"_links":{"self":[{"href":"https:\/\/revistaepocadigital.com.ar\/index.php?rest_route=\/wp\/v2\/posts\/12397","targetHints":{"allow":["GET"]}}],"collection":[{"href":"https:\/\/revistaepocadigital.com.ar\/index.php?rest_route=\/wp\/v2\/posts"}],"about":[{"href":"https:\/\/revistaepocadigital.com.ar\/index.php?rest_route=\/wp\/v2\/types\/post"}],"author":[{"embeddable":true,"href":"https:\/\/revistaepocadigital.com.ar\/index.php?rest_route=\/wp\/v2\/users\/4"}],"replies":[{"embeddable":true,"href":"https:\/\/revistaepocadigital.com.ar\/index.php?rest_route=%2Fwp%2Fv2%2Fcomments&post=12397"}],"version-history":[{"count":0,"href":"https:\/\/revistaepocadigital.com.ar\/index.php?rest_route=\/wp\/v2\/posts\/12397\/revisions"}],"wp:featuredmedia":[{"embeddable":true,"href":"https:\/\/revistaepocadigital.com.ar\/index.php?rest_route=\/wp\/v2\/media\/12400"}],"wp:attachment":[{"href":"https:\/\/revistaepocadigital.com.ar\/index.php?rest_route=%2Fwp%2Fv2%2Fmedia&parent=12397"}],"wp:term":[{"taxonomy":"category","embeddable":true,"href":"https:\/\/revistaepocadigital.com.ar\/index.php?rest_route=%2Fwp%2Fv2%2Fcategories&post=12397"},{"taxonomy":"post_tag","embeddable":true,"href":"https:\/\/revistaepocadigital.com.ar\/index.php?rest_route=%2Fwp%2Fv2%2Ftags&post=12397"}],"curies":[{"name":"wp","href":"https:\/\/api.w.org\/{rel}","templated":true}]}}