{"id":1241,"date":"2019-01-16T09:16:53","date_gmt":"2019-01-16T12:16:53","guid":{"rendered":"https:\/\/revistaepocadigital.com.ar\/?p=1241"},"modified":"2019-01-16T09:18:01","modified_gmt":"2019-01-16T12:18:01","slug":"que-se-vengan-los-chicos","status":"publish","type":"post","link":"https:\/\/revistaepocadigital.com.ar\/?p=1241","title":{"rendered":"Que se vengan los chicos"},"content":{"rendered":"<p><strong>LAS ESCUELAS ABIERTAS DE VERANO.<\/strong><!--more--><\/p>\n<p>Resultan del proyecto y trabajo en com\u00fan, de la Provincia de Buenos Aires, la Direcci\u00f3n General de Cultura y Educaci\u00f3n y la Municipalidad de Exaltaci\u00f3n de la Cruz.<\/p>\n<p>A diario durante el verano, chicos del distrito asisten a las <strong>colonias de vacaciones<\/strong> que funcionan en varios puntos de Exaltaci\u00f3n de la Cruz, donde realizan numerosas actividades, incluyendo nataci\u00f3n en la pileta del <strong>Complejo Andr\u00e9s Salgado,<\/strong> caminatas, bicicleteada, monopat\u00edn y patines, recorrieron las calles.<\/p>\n<figure id=\"attachment_1244\" aria-describedby=\"caption-attachment-1244\" style=\"width: 696px\" class=\"wp-caption alignleft\"><img loading=\"lazy\" decoding=\"async\" class=\"size-large wp-image-1244\" src=\"https:\/\/revistaepocadigital.com.ar\/wp-content\/uploads\/2019\/01\/sanch-bici19-1024x797.jpg\" alt=\"\" width=\"696\" height=\"542\" srcset=\"https:\/\/revistaepocadigital.com.ar\/wp-content\/uploads\/2019\/01\/sanch-bici19-1024x797.jpg 1024w, https:\/\/revistaepocadigital.com.ar\/wp-content\/uploads\/2019\/01\/sanch-bici19-300x233.jpg 300w, https:\/\/revistaepocadigital.com.ar\/wp-content\/uploads\/2019\/01\/sanch-bici19-768x598.jpg 768w, https:\/\/revistaepocadigital.com.ar\/wp-content\/uploads\/2019\/01\/sanch-bici19-696x542.jpg 696w, https:\/\/revistaepocadigital.com.ar\/wp-content\/uploads\/2019\/01\/sanch-bici19-1068x831.jpg 1068w, https:\/\/revistaepocadigital.com.ar\/wp-content\/uploads\/2019\/01\/sanch-bici19-540x420.jpg 540w, https:\/\/revistaepocadigital.com.ar\/wp-content\/uploads\/2019\/01\/sanch-bici19-1080x840.jpg 1080w, https:\/\/revistaepocadigital.com.ar\/wp-content\/uploads\/2019\/01\/sanch-bici19.jpg 1388w\" sizes=\"auto, (max-width: 696px) 100vw, 696px\" \/><figcaption id=\"caption-attachment-1244\" class=\"wp-caption-text\">El intendente al paso de los chicos en la bicicleteada.<\/figcaption><\/figure>\n<p>&nbsp;<\/p>\n<p>&nbsp;<\/p>\n<p>En ocasi\u00f3n de la reciente bicicleteada por calles de Capilla del Se\u00f1or, el intendente <strong>Adri\u00e1n Sanchez<\/strong> junto a la nueva funcionaria municipal, <strong>Maria Luz Bozzani<\/strong>, presenciaron la bicicleteada de los chicos y jovenes por las calles capillenses.<\/p>\n<p>Fotos: prensa municipalidad<\/p>\n","protected":false},"excerpt":{"rendered":"<p>LAS ESCUELAS ABIERTAS DE VERANO.<\/p>\n","protected":false},"author":3,"featured_media":1243,"comment_status":"open","ping_status":"open","sticky":false,"template":"","format":"standard","meta":{"footnotes":"","jetpack_publicize_message":"","jetpack_publicize_feature_enabled":true,"jetpack_social_post_already_shared":false,"jetpack_social_options":{"image_generator_settings":{"template":"highway","default_image_id":0,"font":"","enabled":false},"version":2}},"categories":[13,16],"tags":[148],"class_list":["post-1241","post","type-post","status-publish","format-standard","has-post-thumbnail","hentry","category-interes-general","category-municipales","tag-colonias-de-verano"],"jetpack_publicize_connections":[],"jetpack_featured_media_url":"https:\/\/revistaepocadigital.com.ar\/wp-content\/uploads\/2019\/01\/bici19.jpg","jetpack_likes_enabled":true,"_links":{"self":[{"href":"https:\/\/revistaepocadigital.com.ar\/index.php?rest_route=\/wp\/v2\/posts\/1241","targetHints":{"allow":["GET"]}}],"collection":[{"href":"https:\/\/revistaepocadigital.com.ar\/index.php?rest_route=\/wp\/v2\/posts"}],"about":[{"href":"https:\/\/revistaepocadigital.com.ar\/index.php?rest_route=\/wp\/v2\/types\/post"}],"author":[{"embeddable":true,"href":"https:\/\/revistaepocadigital.com.ar\/index.php?rest_route=\/wp\/v2\/users\/3"}],"replies":[{"embeddable":true,"href":"https:\/\/revistaepocadigital.com.ar\/index.php?rest_route=%2Fwp%2Fv2%2Fcomments&post=1241"}],"version-history":[{"count":0,"href":"https:\/\/revistaepocadigital.com.ar\/index.php?rest_route=\/wp\/v2\/posts\/1241\/revisions"}],"wp:featuredmedia":[{"embeddable":true,"href":"https:\/\/revistaepocadigital.com.ar\/index.php?rest_route=\/wp\/v2\/media\/1243"}],"wp:attachment":[{"href":"https:\/\/revistaepocadigital.com.ar\/index.php?rest_route=%2Fwp%2Fv2%2Fmedia&parent=1241"}],"wp:term":[{"taxonomy":"category","embeddable":true,"href":"https:\/\/revistaepocadigital.com.ar\/index.php?rest_route=%2Fwp%2Fv2%2Fcategories&post=1241"},{"taxonomy":"post_tag","embeddable":true,"href":"https:\/\/revistaepocadigital.com.ar\/index.php?rest_route=%2Fwp%2Fv2%2Ftags&post=1241"}],"curies":[{"name":"wp","href":"https:\/\/api.w.org\/{rel}","templated":true}]}}