{"id":12534,"date":"2021-09-12T23:43:56","date_gmt":"2021-09-13T02:43:56","guid":{"rendered":"https:\/\/revistaepocadigital.com.ar\/?p=12534"},"modified":"2021-09-13T00:06:21","modified_gmt":"2021-09-13T03:06:21","slug":"paso-2021-gana-el-oficialismo-y-juntos-numeros-muy-buenos","status":"publish","type":"post","link":"https:\/\/revistaepocadigital.com.ar\/?p=12534","title":{"rendered":"PASO 2021. GANA EL OFICIALISTA REAL SALAS Y JUNTOS SUPERA AL OFICIALISMO"},"content":{"rendered":"<p><strong>DATOS, CIFRAS PARCIALES.<\/strong><!--more--><\/p>\n<p>EN LA PROVINCIA.<\/p>\n<p><img loading=\"lazy\" decoding=\"async\" class=\"aligncenter size-full wp-image-12535\" src=\"https:\/\/revistaepocadigital.com.ar\/wp-content\/uploads\/2021\/09\/ee.jpg\" alt=\"\" width=\"503\" height=\"720\" srcset=\"https:\/\/revistaepocadigital.com.ar\/wp-content\/uploads\/2021\/09\/ee.jpg 503w, https:\/\/revistaepocadigital.com.ar\/wp-content\/uploads\/2021\/09\/ee-210x300.jpg 210w, https:\/\/revistaepocadigital.com.ar\/wp-content\/uploads\/2021\/09\/ee-293x420.jpg 293w\" sizes=\"auto, (max-width: 503px) 100vw, 503px\" \/><\/p>\n<p>&nbsp;<\/p>\n<p>&nbsp;<\/p>\n<p><strong>Y POR CASA COMO ANDAMOS.<\/strong><\/p>\n<p><img loading=\"lazy\" decoding=\"async\" class=\"aligncenter size-full wp-image-12536\" src=\"https:\/\/revistaepocadigital.com.ar\/wp-content\/uploads\/2021\/09\/241826750_4875517965810445_1819826257754924693_n.jpg\" alt=\"\" width=\"720\" height=\"454\" srcset=\"https:\/\/revistaepocadigital.com.ar\/wp-content\/uploads\/2021\/09\/241826750_4875517965810445_1819826257754924693_n.jpg 720w, https:\/\/revistaepocadigital.com.ar\/wp-content\/uploads\/2021\/09\/241826750_4875517965810445_1819826257754924693_n-300x189.jpg 300w, https:\/\/revistaepocadigital.com.ar\/wp-content\/uploads\/2021\/09\/241826750_4875517965810445_1819826257754924693_n-696x439.jpg 696w, https:\/\/revistaepocadigital.com.ar\/wp-content\/uploads\/2021\/09\/241826750_4875517965810445_1819826257754924693_n-666x420.jpg 666w\" sizes=\"auto, (max-width: 720px) 100vw, 720px\" \/><\/p>\n<p>&nbsp;<\/p>\n<p>&nbsp;<\/p>\n<p>Con m\u00e1s del 75% de las mesas escrutadas a nivel nacional, Juntos por el Cambio se impon\u00eda en los principales distritos del pa\u00eds, incluida la provincia de Buenos Aires, donde la ventaja se estiraba a unos cinco puntos.<\/p>\n<p>Escrutado el 67,9% por ciento, los primeros datos en la provincia de Buenos Aires en las primarias abiertas, simult\u00e1neas y obligatorias (PASO) desarrolladas eran los siguientes:<\/p>\n<p>&#8211; Juntos por el Cambio: 38,30 por ciento.<\/p>\n<p>&#8211; Frente de Todos 33,52 por ciento.<\/p>\n<p>&#8211; Frente de Izquierda y de Trabajadores: 5,14 por ciento<\/p>\n<p>&#8211; Avanza Libertad (Jos\u00e9 Luis Espert): 4,48<\/p>\n<p>&#8211; Vamos con Vos (Florencio Randazzo): 3,70<\/p>\n<div class=\"auth\">Ciudad de Buenos Aires<\/div>\n<p>En la Ciudad de Buenos Aires, escrutadas el 82 por ciento de las mesas en la ciudad de Buenos Aires, Juntos consegu\u00eda el 48,36 por ciento de los votos con las tres listas sumadas que compitieron en la interna de las Paso, mientras que el Frente de Todos consegu\u00eda el 24,55 por ciento de los votos.<\/p>\n<p>Mar\u00eda Eugenia Vidal est\u00e1 obteniendo 475.021 votos y el precandidato del Frente de Todos, Leandro Santoro, consegu\u00eda 353.205 votos La n\u00f3mina de Ricardo L\u00f3pez Murphy contaba con 165.494 votos.<\/p>\n<p>El precandidato a diputado nacional por Avanza la Libertad, Javier Milei, est\u00e1 consiguiendo 199.057 votos (13,6 por ciento ) y la postulante postulante del Frente de Izquierda Miryam Bregman 90.153 votos.<\/p>\n<div id=\"image\" class=\"image\">\n<div class=\"epigrafe\"><strong>Los datos oficiales <\/strong>indicaban que con el 92% de las mesas escrutadas y una participaci\u00f3n del 67,68% se impon\u00eda Juntos con casi el 52%. Gana la interna la lista A por sobre Dar el Paso. El Frente de Todos queda segundo con el 30%. Tercero se ubica el Frente de Izquierda y los trabajadores con el 3,90%, ganando la interna Unidad de la izquierda con el 82% por sobre Revolucionemos la Izquierda con el 17%. Cuarto qued\u00f3 el Frente Vamos con Vos con el 3.56%. Y quinto Uni\u00f3n Celeste y Blanco con el 2,56%.<\/div>\n<\/div>\n<p>&nbsp;<\/p>\n","protected":false},"excerpt":{"rendered":"<p>DATOS, CIFRAS PARCIALES.<\/p>\n","protected":false},"author":3,"featured_media":12538,"comment_status":"open","ping_status":"open","sticky":false,"template":"","format":"standard","meta":{"footnotes":"","jetpack_publicize_message":"","jetpack_publicize_feature_enabled":true,"jetpack_social_post_already_shared":false,"jetpack_social_options":{"image_generator_settings":{"template":"highway","default_image_id":0,"font":"","enabled":false},"version":2}},"categories":[17],"tags":[1486],"class_list":["post-12534","post","type-post","status-publish","format-standard","has-post-thumbnail","hentry","category-politica","tag-paso-2021"],"jetpack_publicize_connections":[],"jetpack_featured_media_url":"https:\/\/revistaepocadigital.com.ar\/wp-content\/uploads\/2021\/09\/241826750_4875517965810445_1819826257754924693_n-1.jpg","jetpack_likes_enabled":true,"_links":{"self":[{"href":"https:\/\/revistaepocadigital.com.ar\/index.php?rest_route=\/wp\/v2\/posts\/12534","targetHints":{"allow":["GET"]}}],"collection":[{"href":"https:\/\/revistaepocadigital.com.ar\/index.php?rest_route=\/wp\/v2\/posts"}],"about":[{"href":"https:\/\/revistaepocadigital.com.ar\/index.php?rest_route=\/wp\/v2\/types\/post"}],"author":[{"embeddable":true,"href":"https:\/\/revistaepocadigital.com.ar\/index.php?rest_route=\/wp\/v2\/users\/3"}],"replies":[{"embeddable":true,"href":"https:\/\/revistaepocadigital.com.ar\/index.php?rest_route=%2Fwp%2Fv2%2Fcomments&post=12534"}],"version-history":[{"count":0,"href":"https:\/\/revistaepocadigital.com.ar\/index.php?rest_route=\/wp\/v2\/posts\/12534\/revisions"}],"wp:featuredmedia":[{"embeddable":true,"href":"https:\/\/revistaepocadigital.com.ar\/index.php?rest_route=\/wp\/v2\/media\/12538"}],"wp:attachment":[{"href":"https:\/\/revistaepocadigital.com.ar\/index.php?rest_route=%2Fwp%2Fv2%2Fmedia&parent=12534"}],"wp:term":[{"taxonomy":"category","embeddable":true,"href":"https:\/\/revistaepocadigital.com.ar\/index.php?rest_route=%2Fwp%2Fv2%2Fcategories&post=12534"},{"taxonomy":"post_tag","embeddable":true,"href":"https:\/\/revistaepocadigital.com.ar\/index.php?rest_route=%2Fwp%2Fv2%2Ftags&post=12534"}],"curies":[{"name":"wp","href":"https:\/\/api.w.org\/{rel}","templated":true}]}}