{"id":12569,"date":"2021-09-11T19:06:48","date_gmt":"2021-09-11T22:06:48","guid":{"rendered":"https:\/\/revistaepocadigital.com.ar\/?p=12569"},"modified":"2021-09-14T19:17:35","modified_gmt":"2021-09-14T22:17:35","slug":"maestros-en-su-dia","status":"publish","type":"post","link":"https:\/\/revistaepocadigital.com.ar\/?p=12569","title":{"rendered":"MAESTROS EN SU D\u00cdA"},"content":{"rendered":"<p><strong>COMO CADA 11 DE SEPTIEMBRE.<\/strong><!--more--><\/p>\n<div class=\"\" dir=\"auto\">\n<div id=\"jsc_c_12a\" class=\"ecm0bbzt hv4rvrfc ihqw7lf3 dati1w0a\" data-ad-comet-preview=\"message\" data-ad-preview=\"message\">\n<div class=\"j83agx80 cbu4d94t ew0dbk1b irj2b8pg\">\n<div class=\"qzhwtbm6 knvmm38d\">\n<div class=\"kvgmc6g5 cxmmr5t8 oygrvhab hcukyx3x c1et5uql ii04i59q\">\n<div dir=\"auto\"><img loading=\"lazy\" decoding=\"async\" class=\"aligncenter size-large wp-image-12573\" src=\"https:\/\/revistaepocadigital.com.ar\/wp-content\/uploads\/2021\/09\/ALUM-1-1200x800.jpg\" alt=\"\" width=\"696\" height=\"464\" srcset=\"https:\/\/revistaepocadigital.com.ar\/wp-content\/uploads\/2021\/09\/ALUM-1-1200x800.jpg 1200w, https:\/\/revistaepocadigital.com.ar\/wp-content\/uploads\/2021\/09\/ALUM-1-300x200.jpg 300w, https:\/\/revistaepocadigital.com.ar\/wp-content\/uploads\/2021\/09\/ALUM-1-768x512.jpg 768w, https:\/\/revistaepocadigital.com.ar\/wp-content\/uploads\/2021\/09\/ALUM-1-696x464.jpg 696w, https:\/\/revistaepocadigital.com.ar\/wp-content\/uploads\/2021\/09\/ALUM-1-1068x712.jpg 1068w, https:\/\/revistaepocadigital.com.ar\/wp-content\/uploads\/2021\/09\/ALUM-1-630x420.jpg 630w, https:\/\/revistaepocadigital.com.ar\/wp-content\/uploads\/2021\/09\/ALUM-1-1260x840.jpg 1260w, https:\/\/revistaepocadigital.com.ar\/wp-content\/uploads\/2021\/09\/ALUM-1.jpg 1280w\" sizes=\"auto, (max-width: 696px) 100vw, 696px\" \/><\/div>\n<div dir=\"auto\"><\/div>\n<div dir=\"auto\">La celebraci\u00f3n tuvo lugar en la Plaza de las Am\u00e9ricas, junto al busto de Domingo F. Sarmiento. Participaron el intendente Nanni, la secretaria de coordinaci\u00f3n Mar\u00eda Luz Bozzani, Vanessa Russo (secretaria de pol\u00edticas educativas del municipio) -foto-, docentes y representantes de la comunidad educativa.<\/div>\n<\/div>\n<div class=\"o9v6fnle cxmmr5t8 oygrvhab hcukyx3x c1et5uql ii04i59q\">\n<div dir=\"auto\"><\/div>\n<div dir=\"auto\"><\/div>\n<\/div>\n<\/div>\n<\/div>\n<\/div>\n<\/div>\n","protected":false},"excerpt":{"rendered":"<p>COMO CADA 11 DE SEPTIEMBRE.<\/p>\n","protected":false},"author":4,"featured_media":12572,"comment_status":"open","ping_status":"open","sticky":false,"template":"","format":"standard","meta":{"footnotes":"","jetpack_publicize_message":"","jetpack_publicize_feature_enabled":true,"jetpack_social_post_already_shared":false,"jetpack_social_options":{"image_generator_settings":{"template":"highway","default_image_id":0,"font":"","enabled":false},"version":2}},"categories":[13,16],"tags":[],"class_list":["post-12569","post","type-post","status-publish","format-standard","has-post-thumbnail","hentry","category-interes-general","category-municipales"],"jetpack_publicize_connections":[],"jetpack_featured_media_url":"https:\/\/revistaepocadigital.com.ar\/wp-content\/uploads\/2021\/09\/ALU.jpg","jetpack_likes_enabled":true,"_links":{"self":[{"href":"https:\/\/revistaepocadigital.com.ar\/index.php?rest_route=\/wp\/v2\/posts\/12569","targetHints":{"allow":["GET"]}}],"collection":[{"href":"https:\/\/revistaepocadigital.com.ar\/index.php?rest_route=\/wp\/v2\/posts"}],"about":[{"href":"https:\/\/revistaepocadigital.com.ar\/index.php?rest_route=\/wp\/v2\/types\/post"}],"author":[{"embeddable":true,"href":"https:\/\/revistaepocadigital.com.ar\/index.php?rest_route=\/wp\/v2\/users\/4"}],"replies":[{"embeddable":true,"href":"https:\/\/revistaepocadigital.com.ar\/index.php?rest_route=%2Fwp%2Fv2%2Fcomments&post=12569"}],"version-history":[{"count":0,"href":"https:\/\/revistaepocadigital.com.ar\/index.php?rest_route=\/wp\/v2\/posts\/12569\/revisions"}],"wp:featuredmedia":[{"embeddable":true,"href":"https:\/\/revistaepocadigital.com.ar\/index.php?rest_route=\/wp\/v2\/media\/12572"}],"wp:attachment":[{"href":"https:\/\/revistaepocadigital.com.ar\/index.php?rest_route=%2Fwp%2Fv2%2Fmedia&parent=12569"}],"wp:term":[{"taxonomy":"category","embeddable":true,"href":"https:\/\/revistaepocadigital.com.ar\/index.php?rest_route=%2Fwp%2Fv2%2Fcategories&post=12569"},{"taxonomy":"post_tag","embeddable":true,"href":"https:\/\/revistaepocadigital.com.ar\/index.php?rest_route=%2Fwp%2Fv2%2Ftags&post=12569"}],"curies":[{"name":"wp","href":"https:\/\/api.w.org\/{rel}","templated":true}]}}