{"id":1262,"date":"2019-01-14T18:29:29","date_gmt":"2019-01-14T21:29:29","guid":{"rendered":"https:\/\/revistaepocadigital.com.ar\/?p=1262"},"modified":"2019-01-16T18:32:07","modified_gmt":"2019-01-16T21:32:07","slug":"sos-empleado-de-comercio","status":"publish","type":"post","link":"https:\/\/revistaepocadigital.com.ar\/?p=1262","title":{"rendered":"\u00bfSos Empleado de Comercio?"},"content":{"rendered":"<p><strong>EN ESTA SECCION.<\/strong><!--more--><\/p>\n<p>&nbsp;<\/p>\n<p><strong>EPOCA<\/strong> te va a contar las novedades, informaciones, datos \u00fatiles, convenios, asesoramiento, reintegros, traslados y lo que sea de tu inter\u00e9s, mediante la informaci\u00f3n que difunda el <strong>Sindicato de Empleados de Comercio<\/strong>, <strong>Seccional Z\u00e1rate,<\/strong> que abarca a <strong>Exaltaci\u00f3n de la Cruz<\/strong> y aleda\u00f1os.<\/p>\n<p>&nbsp;<\/p>\n<p>&nbsp;<\/p>\n","protected":false},"excerpt":{"rendered":"<p>EN ESTA SECCION.<\/p>\n","protected":false},"author":3,"featured_media":1264,"comment_status":"open","ping_status":"open","sticky":false,"template":"","format":"standard","meta":{"footnotes":"","jetpack_publicize_message":"","jetpack_publicize_feature_enabled":true,"jetpack_social_post_already_shared":false,"jetpack_social_options":{"image_generator_settings":{"template":"highway","default_image_id":0,"font":"","enabled":false},"version":2}},"categories":[151],"tags":[37,152],"class_list":["post-1262","post","type-post","status-publish","format-standard","has-post-thumbnail","hentry","category-empleados-de-comercio","tag-destacada","tag-sindicato-empleados-de-comercio-zarate"],"jetpack_publicize_connections":[],"jetpack_featured_media_url":"https:\/\/revistaepocadigital.com.ar\/wp-content\/uploads\/2019\/01\/sindi-emple-comer-zara-logo.jpg","jetpack_likes_enabled":true,"_links":{"self":[{"href":"https:\/\/revistaepocadigital.com.ar\/index.php?rest_route=\/wp\/v2\/posts\/1262","targetHints":{"allow":["GET"]}}],"collection":[{"href":"https:\/\/revistaepocadigital.com.ar\/index.php?rest_route=\/wp\/v2\/posts"}],"about":[{"href":"https:\/\/revistaepocadigital.com.ar\/index.php?rest_route=\/wp\/v2\/types\/post"}],"author":[{"embeddable":true,"href":"https:\/\/revistaepocadigital.com.ar\/index.php?rest_route=\/wp\/v2\/users\/3"}],"replies":[{"embeddable":true,"href":"https:\/\/revistaepocadigital.com.ar\/index.php?rest_route=%2Fwp%2Fv2%2Fcomments&post=1262"}],"version-history":[{"count":0,"href":"https:\/\/revistaepocadigital.com.ar\/index.php?rest_route=\/wp\/v2\/posts\/1262\/revisions"}],"wp:featuredmedia":[{"embeddable":true,"href":"https:\/\/revistaepocadigital.com.ar\/index.php?rest_route=\/wp\/v2\/media\/1264"}],"wp:attachment":[{"href":"https:\/\/revistaepocadigital.com.ar\/index.php?rest_route=%2Fwp%2Fv2%2Fmedia&parent=1262"}],"wp:term":[{"taxonomy":"category","embeddable":true,"href":"https:\/\/revistaepocadigital.com.ar\/index.php?rest_route=%2Fwp%2Fv2%2Fcategories&post=1262"},{"taxonomy":"post_tag","embeddable":true,"href":"https:\/\/revistaepocadigital.com.ar\/index.php?rest_route=%2Fwp%2Fv2%2Ftags&post=1262"}],"curies":[{"name":"wp","href":"https:\/\/api.w.org\/{rel}","templated":true}]}}