{"id":12642,"date":"2021-09-16T01:09:36","date_gmt":"2021-09-16T04:09:36","guid":{"rendered":"https:\/\/revistaepocadigital.com.ar\/?p=12642"},"modified":"2021-09-16T01:09:36","modified_gmt":"2021-09-16T04:09:36","slug":"asamblea-anual-ordinaria-asociacion-civil-exaltacion-de-la-cruz-2","status":"publish","type":"post","link":"https:\/\/revistaepocadigital.com.ar\/?p=12642","title":{"rendered":"ASAMBLEA ANUAL ORDINARIA. ASOCIACION CIVIL EXALTACI\u00d3N DE LA CRUZ"},"content":{"rendered":"<p><strong>ASOCIACION CIVIL<\/strong><\/p>\n<p><strong>EXALTACION DE LA CRUZ<\/strong><\/p>\n<p><strong>Menores en Riesgo<\/strong><\/p>\n<p><strong>PJ: 13.067.<\/strong><!--more--><\/p>\n<p>La Comisi\u00f3n Directiva convoca a los socios de dicha Entidad a participar de la Asamblea Anual Ordinaria a realizarse en su sede, Ca\u00f1ada Romero s\/n a 400 mts de la Ruta 39. Capilla del Se\u00f1or. Partido de Exaltaci\u00f3n de la Cruz, en el horario de 20 horas primera convocatoria y 20:30 segunda convocatoria, el d\u00eda 15 de Octubre de 2021.<\/p>\n<p><strong>Para tratar la siguiente orden del d\u00eda:<\/strong><\/p>\n<p>1-Lectura del Acta anterior.<\/p>\n<p>2-Registro de asistencia de los socios a la Asamblea y designaci\u00f3n de dos de ellos para firmar becas y tr\u00e1mites varios.<\/p>\n<p>3-Presentaci\u00f3n de las renuncia si las hubiere, de los miembros de la Comisi\u00f3n Directiva, como as\u00ed tambi\u00e9n las vacantes por diversos motivos.<\/p>\n<p>4-Presentaci\u00f3n de los asamble\u00edstas de los cargos a cubrir a trav\u00e9s de la\u00a0\u00a0\u00a0\u00a0\u00a0\u00a0\u00a0\u00a0\u00a0\u00a0\u00a0\u00a0\u00a0\u00a0\u00a0\u00a0\u00a0\u00a0\u00a0\u00a0 postulaci\u00f3n de los socios y\/o puesta en consideraci\u00f3n de la lista de los mismos.<\/p>\n<p>5-Consideraci\u00f3n de la Memoria y Balance, inventario, cuentas, ganancias, y p\u00e9rdidas correspondientes al ejercicio comprendido entre el 01-09 2020 al 31-08-2021.<\/p>\n<p>Requisitos para poder participar de la Asamblea:<\/p>\n<p>Ser mayor de 21 a\u00f1os. Presentar el d\u00eda de la Asamblea las cuotas de socios pagas al cierre del ejercicio. No tener a la fecha de la Asamblea ning\u00fan impedimento legal para poder participar.<\/p>\n<p><strong>\u00a0<\/strong><\/p>\n<p><strong>\u00a0 \u00a0 \u00a0 \u00a0 \u00a0 \u00a0 \u00a0 \u00a0 \u00a0 \u00a0 \u00a0 \u00a0 \u00a0 \u00a0 \u00a0 \u00a0 \u00a0 \u00a0 \u00a0 \u00a0 \u00a0 \u00a0 \u00a0 \u00a0 \u00a0 \u00a0 \u00a0 \u00a0 \u00a0 \u00a0 \u00a0 \u00a0 \u00a0 \u00a0 \u00a0 \u00a0 \u00a0 \u00a0 \u00a0 \u00a0 \u00a0 \u00a0 \u00a0 \u00a0 \u00a0 \u00a0 \u00a0 \u00a0COMISION DIRECTIVA<\/strong><\/p>\n<p>&nbsp;<\/p>\n<p>&nbsp;<\/p>\n<p>&nbsp;<\/p>\n<p>&nbsp;<\/p>\n<p>&nbsp;<\/p>\n<p>&nbsp;<\/p>\n","protected":false},"excerpt":{"rendered":"<p>ASOCIACION CIVIL EXALTACION DE LA CRUZ Menores en Riesgo PJ: 13.067.<\/p>\n","protected":false},"author":3,"featured_media":12644,"comment_status":"open","ping_status":"open","sticky":false,"template":"","format":"standard","meta":{"footnotes":"","jetpack_publicize_message":"","jetpack_publicize_feature_enabled":true,"jetpack_social_post_already_shared":false,"jetpack_social_options":{"image_generator_settings":{"template":"highway","default_image_id":0,"font":"","enabled":false},"version":2}},"categories":[14],"tags":[1584,1132],"class_list":["post-12642","post","type-post","status-publish","format-standard","has-post-thumbnail","hentry","category-la-gente","tag-asamblea-anual","tag-pequeno-hogar"],"jetpack_publicize_connections":[],"jetpack_featured_media_url":"https:\/\/revistaepocadigital.com.ar\/wp-content\/uploads\/2021\/09\/indice1.jpg","jetpack_likes_enabled":true,"_links":{"self":[{"href":"https:\/\/revistaepocadigital.com.ar\/index.php?rest_route=\/wp\/v2\/posts\/12642","targetHints":{"allow":["GET"]}}],"collection":[{"href":"https:\/\/revistaepocadigital.com.ar\/index.php?rest_route=\/wp\/v2\/posts"}],"about":[{"href":"https:\/\/revistaepocadigital.com.ar\/index.php?rest_route=\/wp\/v2\/types\/post"}],"author":[{"embeddable":true,"href":"https:\/\/revistaepocadigital.com.ar\/index.php?rest_route=\/wp\/v2\/users\/3"}],"replies":[{"embeddable":true,"href":"https:\/\/revistaepocadigital.com.ar\/index.php?rest_route=%2Fwp%2Fv2%2Fcomments&post=12642"}],"version-history":[{"count":0,"href":"https:\/\/revistaepocadigital.com.ar\/index.php?rest_route=\/wp\/v2\/posts\/12642\/revisions"}],"wp:featuredmedia":[{"embeddable":true,"href":"https:\/\/revistaepocadigital.com.ar\/index.php?rest_route=\/wp\/v2\/media\/12644"}],"wp:attachment":[{"href":"https:\/\/revistaepocadigital.com.ar\/index.php?rest_route=%2Fwp%2Fv2%2Fmedia&parent=12642"}],"wp:term":[{"taxonomy":"category","embeddable":true,"href":"https:\/\/revistaepocadigital.com.ar\/index.php?rest_route=%2Fwp%2Fv2%2Fcategories&post=12642"},{"taxonomy":"post_tag","embeddable":true,"href":"https:\/\/revistaepocadigital.com.ar\/index.php?rest_route=%2Fwp%2Fv2%2Ftags&post=12642"}],"curies":[{"name":"wp","href":"https:\/\/api.w.org\/{rel}","templated":true}]}}