{"id":12645,"date":"2021-09-16T01:28:05","date_gmt":"2021-09-16T04:28:05","guid":{"rendered":"https:\/\/revistaepocadigital.com.ar\/?p=12645"},"modified":"2021-09-16T01:28:49","modified_gmt":"2021-09-16T04:28:49","slug":"alberto-fernande-resistia-los-embates-de-cristina-kirchner","status":"publish","type":"post","link":"https:\/\/revistaepocadigital.com.ar\/?p=12645","title":{"rendered":"ALBERTO FERNANDEZ RESIST\u00cdA LOS EMBATES DE CRISTINA KIRCHNER"},"content":{"rendered":"<p><strong>EL PRESIDENTE Y LA VICE.<\/strong><!--more--><\/p>\n<header class=\"article-header-wrapper\">\n<div class=\"article-header\">\n<h6 class=\"article-subheadline\">En el Gobierno hab\u00edan dicho que las renuncias de los ministros que responden a la vicepresidenta fueron \u201cmedi\u00e1ticas\u201d.<\/h6>\n<\/div>\n<div class=\"nd_buttons_container width_full display_flex\">\n<div class=\"display_flex row align_items_center justify_center color_white\">El presidente <b>Alberto Fern\u00e1ndez<\/b><mark class=\"hl_yellow\"> decidi\u00f3 resistir la presi\u00f3n que desat\u00f3 el sector pol\u00edtico que responde a<b> Cristina Kirchner<\/b> <\/mark>y, por ahora, <b>no har\u00e1 cambios en el Gabinete nacional. <\/b>Lo resolvi\u00f3, rodeado de los ministros leales que se quedaron a su lado, mientras arreciaba la ola de renuncias presentadas por ministros, secretarios y directores de organismos descentralizados del cristinismo. De las dimisiones se enter\u00f3 el primer mandatario mientras regresaba de un almuerzo con el intendente de Jos\u00e9 C. Paz, <b>Mario Ishii<\/b>, admiten desde el Gobierno a <b>Infobae <\/b>y aclaran que, hasta ahora, se trat\u00f3 de anuncios por los medios, pero nada oficial.<\/div>\n<\/div>\n<\/header>\n<article class=\"article\">\n<div class=\"nd-body-article\">\n<p class=\"paragraph\"><mark class=\"hl_yellow\"><b>La reuni\u00f3n del mandatario con los ministros que no presentaron la renuncia termin\u00f3 cerca de las 21.15 y minutos despu\u00e9s, pasadas las 21.30, Alberto Fern\u00e1ndez dej\u00f3 la Casa Rosada en helic\u00f3ptero para dirigirse a la Quinta de Olivos.<\/b><\/mark> No hubo declaraciones ni definiciones.<\/p>\n<div class=\"inline ad-wrapper\">\n<div class=\"dfpAd display_inline_block ad_margin_wrapper\">\n<div id=\"infobae\/politica\/nota\/inline\" class=\"infobae\/politica\/nota\/inline arcad\" data-google-query-id=\"CKq6iNjRgvMCFc4zuQYdrr8AGQ\">\n<div id=\"google_ads_iframe_\/1058609\/infobae\/politica\/nota\/inline_0__container__\">\u201c<b>De las renuncias se enteraron los canales de televisi\u00f3n antes que nosotros. En la Casa Rosada no hubo ning\u00fan documento ni renuncia formal que haya llegado de manera administrativa<\/b>\u201d, aclararon. De hecho, tambi\u00e9n aclaran que en el encuentro que Alberto Fern\u00e1ndez y Cristina Kirchner mantuvieron en las \u00faltimas horas la vicepresidenta no le inform\u00f3 que iban a tomar esa decisi\u00f3n los ministros de La C\u00e1mpora.<\/div>\n<\/div>\n<\/div>\n<\/div>\n<div class=\"visual__image \">El Presidente se fue sin hacer declaraciones<\/div>\n<p class=\"paragraph\">La decisi\u00f3n de resistir las presiones de cambios de ministros, con <b>Santiago Cafiero <\/b>(jefe de Gabinete); y <b>Mart\u00edn Guzm\u00e1n<\/b> (Econom\u00eda) como principales apuntados, fue tomada mientras la mayor\u00eda de los ministros que no hab\u00edan renunciado estaban en la Casa Rosada. De hecho, una se\u00f1al de que Alberto Fern\u00e1ndez no cambiar\u00e1 ahora su equipo de colaboradores la dieron <b>Claudio Moroni<\/b> (Trabajo) y <b>Sabina Frederic <\/b>(Seguridad), quienes difundieron mensajes de apoyo por Twitter.<\/p>\n<p class=\"paragraph\"><b>\u201c<\/b><mark class=\"hl_yellow\"><b>Alberto Fern\u00e1ndez est\u00e1 tranquilo<\/b><\/mark><b>\u201d<\/b>, confiaron a <b>Infobae <\/b>las mismas fuentes, que anticiparon la decisi\u00f3n pol\u00edtica frente a la embestida del cristinismo por forzar un cambio de nombres y de rumbo del gobierno, tras la dura derrota del domingo en las elecciones PASO del domingo.<\/p>\n<p class=\"paragraph\">La noticia de la renuncia de los ministros <b>\u201cWado\u201d De Pedro<\/b>, de Justicia <b>Mart\u00edn Soria<\/b> y de Ciencia y Tecnolog\u00eda, <b>Roberto Salvarezza<\/b>, de Cultura, <b>Trist\u00e1n Bauer<\/b>, conjuntamente con la titular del PAMI, <b>Luana Volnovich<\/b> y la del ANSES, <b>Fernanda Raverta<\/b>, se conoci\u00f3 este mi\u00e9rcoles despu\u00e9s del acto que encabez\u00f3 Alberto Fern\u00e1ndez acompa\u00f1ado por el ministro de Econom\u00eda, <b>Mart\u00edn Guzm\u00e1n<\/b>, en una muestra da apoyo a su equipo.<\/p>\n<div class=\"visual__image \"><\/div>\n<p class=\"paragraph\">Con el pasar de los minutos se incorporaron el ministro el de Medio Ambiente, <b>Juan Cabandi\u00e9 <\/b>y el titular de Aerol\u00edneas Argentinas,<b> Pablo Ceriani<\/b>, y <b>Mart\u00edn Sabbatella<\/b>, titular de ACUMAR. Los funcionarios que responden a Alberto Fern\u00e1ndez no se acoplaron a la estrategia impulsada por Cristina Kirchner para presionar al Presidente a reformar el Gabinete. La jugada se suma a otros gestos similares en los gobiernos de la provincia de Buenos Aires y de Santa Cruz, tambi\u00e9n gestionados por gobernadores del kirchnerismo, que tuvieron lugar en el comienzo de la semana, pocas horas despu\u00e9s de la derrota en las PASO.<\/p>\n<\/div>\n<\/article>\n<p>LOS FUNCIONARIOS QUE RESPONDEN A\u00a0 CRISTINA KIRCHNER QUE RENUNCIARON<\/p>\n<p>Entre ellos cinco ministros: \u201cWado\u201d De Pedro, Salvarezza, Soria, Bauer y Cabandi\u00e9. Tambi\u00e9n la titular del PAMI, Luana Volnovich, de la ANSES, Fernanda Raverta, de Comercio Interior, Paula Espa\u00f1ol, y el presidente de Aerol\u00edneas Argentinas, Pablo Ceriani. La decisi\u00f3n fue adoptada como consecuencia de la contundente derrota en las primarias<\/p>\n<p>Los ministros del Interior, Eduardo \u201cWado\u201d de Pedro, de Justicia Mart\u00edn Soria y de Ciencia y Tecnolog\u00eda, Roberto Salvarezza, de Cultura, Trist\u00e1n Bauer, conjuntamente con la titular del PAMI, Luana Volnovich y la del ANSES, Fernanda Raverta pusieron a disposici\u00f3n del presidente Alberto Fern\u00e1ndez sus renuncias como consecuencia de la dura derrota electoral que sufri\u00f3 el oficialismo en las elecciones Primarias<\/p>\n<p>Tambien se sumaron el ministro el de Medio Ambiente, Juan Cabandi\u00e9, el titular de Aerol\u00edneas Argentinas, Pablo Ceriani, Mart\u00edn Sabbatella, titular de ACUMAR, Victoria Donda, a cargo del INADI y el viceministro de Educaci\u00f3n Jaime Percick, adem\u00e1s de Paula Espa\u00f1ol, la secretaria de Comercio Interior.<\/p>\n<p>En tanto, ministros como Jorge Ferraresi, de H\u00e1bitat; Gabriel Katopodis, de Obras P\u00fablicas; y Elizabeth G\u00f3mez Alcorta, de Mujeres, G\u00e9nero y Diversidad; de Seguridad, Sabina Frederic; de Desarrollo Social, Juan Zabaleta, indicaron que el lunes pusieron sus renuncias a disposici\u00f3n pero no formalmente.<\/p>\n<p>Los ministros que responden a Alberto Fern\u00e1ndez no se acoplaron a la estrategia impulsada por Cristina Kirchner para presionar al Presidente a reformar el Gabinete.<\/p>\n<p>La jugada se sum\u00f3 a otros gestos similares en los gobiernos de la provincia de Buenos Aires y de Santa Cruz, tambi\u00e9n gestionados por gobernadores del kirchnerismo, que tuvieron lugar en el comienzo de la semana, pocas horas despu\u00e9s de la derrota en las PASO.<\/p>\n<p>El lunes Alicia Kirchner le pidi\u00f3 a sus funcionarios que pongan la renuncia a disposici\u00f3n y este mi\u00e9rcoles la ministra de Gobierno bonaerense, Teresa Garc\u00eda, inform\u00f3 que todo el Gabinete le present\u00f3 la renuncia al gobernador Axel Kicillof.<\/p>\n<p>Fuente: Infobae.com<\/p>\n<p>&nbsp;<\/p>\n","protected":false},"excerpt":{"rendered":"<p>EL PRESIDENTE Y LA VICE.<\/p>\n","protected":false},"author":3,"featured_media":12649,"comment_status":"open","ping_status":"open","sticky":false,"template":"","format":"standard","meta":{"footnotes":"","jetpack_publicize_message":"","jetpack_publicize_feature_enabled":true,"jetpack_social_post_already_shared":false,"jetpack_social_options":{"image_generator_settings":{"template":"highway","default_image_id":0,"font":"","enabled":false},"version":2}},"categories":[17],"tags":[1486,1585],"class_list":["post-12645","post","type-post","status-publish","format-standard","has-post-thumbnail","hentry","category-politica","tag-paso-2021","tag-renuncias-gobiernos"],"jetpack_publicize_connections":[],"jetpack_featured_media_url":"https:\/\/revistaepocadigital.com.ar\/wp-content\/uploads\/2021\/09\/images-1.jpg","jetpack_likes_enabled":true,"_links":{"self":[{"href":"https:\/\/revistaepocadigital.com.ar\/index.php?rest_route=\/wp\/v2\/posts\/12645","targetHints":{"allow":["GET"]}}],"collection":[{"href":"https:\/\/revistaepocadigital.com.ar\/index.php?rest_route=\/wp\/v2\/posts"}],"about":[{"href":"https:\/\/revistaepocadigital.com.ar\/index.php?rest_route=\/wp\/v2\/types\/post"}],"author":[{"embeddable":true,"href":"https:\/\/revistaepocadigital.com.ar\/index.php?rest_route=\/wp\/v2\/users\/3"}],"replies":[{"embeddable":true,"href":"https:\/\/revistaepocadigital.com.ar\/index.php?rest_route=%2Fwp%2Fv2%2Fcomments&post=12645"}],"version-history":[{"count":0,"href":"https:\/\/revistaepocadigital.com.ar\/index.php?rest_route=\/wp\/v2\/posts\/12645\/revisions"}],"wp:featuredmedia":[{"embeddable":true,"href":"https:\/\/revistaepocadigital.com.ar\/index.php?rest_route=\/wp\/v2\/media\/12649"}],"wp:attachment":[{"href":"https:\/\/revistaepocadigital.com.ar\/index.php?rest_route=%2Fwp%2Fv2%2Fmedia&parent=12645"}],"wp:term":[{"taxonomy":"category","embeddable":true,"href":"https:\/\/revistaepocadigital.com.ar\/index.php?rest_route=%2Fwp%2Fv2%2Fcategories&post=12645"},{"taxonomy":"post_tag","embeddable":true,"href":"https:\/\/revistaepocadigital.com.ar\/index.php?rest_route=%2Fwp%2Fv2%2Ftags&post=12645"}],"curies":[{"name":"wp","href":"https:\/\/api.w.org\/{rel}","templated":true}]}}