{"id":12668,"date":"2021-09-18T00:00:29","date_gmt":"2021-09-18T03:00:29","guid":{"rendered":"https:\/\/revistaepocadigital.com.ar\/?p=12668"},"modified":"2021-09-18T00:00:29","modified_gmt":"2021-09-18T03:00:29","slug":"al-gran-pueblo-argentino-salud","status":"publish","type":"post","link":"https:\/\/revistaepocadigital.com.ar\/?p=12668","title":{"rendered":"Al gran pueblo Argentino, salud!"},"content":{"rendered":"<p><em><strong>HACE UN A\u00d1O&#8230;<\/strong><\/em><!--more--><\/p>\n<p><em>mor\u00eda el ni\u00f1o aquel al que llevaron a conocer el mar y los vot\u00f3 toda su vida, hasta los 84 a\u00f1os.<\/em><\/p>\n<p><em>\u00bfQu\u00e9 hubiese pensado de lo que est\u00e1 pasando hoy en el pa\u00eds? \u00bfY que me hubiese dicho? (no era f\u00e1cil que reconociese un error, mucho menos un desastre!).<\/em><\/p>\n<p>&nbsp;<\/p>\n<figure id=\"attachment_12673\" aria-describedby=\"caption-attachment-12673\" style=\"width: 322px\" class=\"wp-caption alignleft\"><img loading=\"lazy\" decoding=\"async\" class=\"size-full wp-image-12673\" src=\"https:\/\/revistaepocadigital.com.ar\/wp-content\/uploads\/2021\/09\/121830444_10220770532524789_5651776293043363194_n.jpg\" alt=\"\" width=\"322\" height=\"303\" srcset=\"https:\/\/revistaepocadigital.com.ar\/wp-content\/uploads\/2021\/09\/121830444_10220770532524789_5651776293043363194_n.jpg 322w, https:\/\/revistaepocadigital.com.ar\/wp-content\/uploads\/2021\/09\/121830444_10220770532524789_5651776293043363194_n-300x282.jpg 300w\" sizes=\"auto, (max-width: 322px) 100vw, 322px\" \/><figcaption id=\"caption-attachment-12673\" class=\"wp-caption-text\">Mar\u00eda Andrea Nu\u00f1ez.<\/figcaption><\/figure>\n<p><em>Lo pens\u00e9 ante los resultados de las urnas arrojadas por las PASO. Les falt\u00f3 un voto, sin dudas.<\/em><\/p>\n<p><em>Y yo que hasta ayer pensaba en escribir sobre la importancia de votar!, la necesidad imperiosa de comprometerse con el pensamiento propio!, y explicarlo con mesura (que muchas veces me falta). Pensaba escribir sobre lo dif\u00edcil de imaginar, a la hora de emitir un voto, un futuro del pa\u00eds a largo plazo, cuando te apremia el futuro que llega dentro de 20 d\u00edas, 10, 5 o a la comida de cada noche.<\/em><\/p>\n<p><em>\u00bfAlguien puede juzgar al que vota con el bolsillo vac\u00edo? Absolutamente nadie. Pero si podemos cuestionar a aquellos que en forma menguada, le llenan el bolsillo para obtener un voto desesperado, que los entrona a\u00f1o tras a\u00f1o, elecci\u00f3n tras elecci\u00f3n, en un gobierno, que se sabe deficiente. Creo que esto fue lo que la gente rechaz\u00f3 en las PASO.<\/em><\/p>\n<p><em>Aqu\u00ed no hay moral ni \u00e9tica en los que nos gobiernan, y el domingo reciente que votamos, pareci\u00f3 que el pueblo dijo que quiere otra cosa. Aunque sabe que el futuro queda all\u00e1 adelante, cuesta arriba y que requerir\u00e1 de mucho esfuerzo y trabajo para poder construirlo. Ahora bien, lo que estuvo pasando en los d\u00edas siguientes es otra cosa y a su vez tan m\u00e1s de lo mismo.<\/em><\/p>\n<p><em>De pronto retrocedimos unos cuantos a\u00f1os, y somos testigos de intrigas palaciegas, como aquellas que destronaban reinados en Europa y que estudiamos en la secundaria.<\/em><\/p>\n<p><em>Que \u00e9l provoc\u00f3 los resultados en las urnas; que la foto fue el detonante, que el culpable es \u00e9l, que ella lo amenaz\u00f3, que \u00e9l no cambi\u00f3 de actitud, que los mand\u00f3 a renunciar, que \u00e9l no respondi\u00f3, que fue la prensa, que se filtra el audio, que la oposici\u00f3n, que la repregunta, que \u2026.<\/em><\/p>\n<p><em>Que perdieron en una elecci\u00f3n\u2026<\/em><\/p>\n<p><em>Y en el medio la gente.<\/em><\/p>\n<p><em>La gente que dijo que no quiere mas castas, no quiere privilegios para unos pocos, no quiere subsidios destinados a no producir y generar trabajo. Que no quiere papelitos de colores que jam\u00e1s van a comprar la dignidad que da el trabajo. Quiere que su derecho a la oportunidad no sea robado a la vuelta de la esquina, quiere peque\u00f1os logros que se vayan acumulando en a\u00f1os de trabajo, quieren que sus hijos estudien y so\u00f1ar que ellos la van a pasar mejor.<\/em><\/p>\n<p><em>Una vez m\u00e1s la casta pol\u00edtica demostr\u00f3 no estar a la altura de su pueblo, y ha robado protagonismo (como no si no hubiesen robado bastante), con una pelea caprichosa que trat\u00f3 de dejar en claro quien dirige el gobierno. Quedaron presos de su propia ambici\u00f3n, porque no entienden\u2026<\/em><\/p>\n<p><em>No entienden que el poder lo tiene el pueblo.<\/em><\/p>\n<p><strong>Por Mar\u00eda Andrea Nu\u00f1ez.<\/strong><\/p>\n","protected":false},"excerpt":{"rendered":"<p>HACE UN A\u00d1O&#8230;<\/p>\n","protected":false},"author":3,"featured_media":12675,"comment_status":"open","ping_status":"open","sticky":false,"template":"","format":"standard","meta":{"footnotes":"","jetpack_publicize_message":"","jetpack_publicize_feature_enabled":true,"jetpack_social_post_already_shared":false,"jetpack_social_options":{"image_generator_settings":{"template":"highway","default_image_id":0,"font":"","enabled":false},"version":2}},"categories":[13],"tags":[1535,1486],"class_list":["post-12668","post","type-post","status-publish","format-standard","has-post-thumbnail","hentry","category-interes-general","tag-opinion","tag-paso-2021"],"jetpack_publicize_connections":[],"jetpack_featured_media_url":"https:\/\/revistaepocadigital.com.ar\/wp-content\/uploads\/2021\/09\/indice.jpg","jetpack_likes_enabled":true,"_links":{"self":[{"href":"https:\/\/revistaepocadigital.com.ar\/index.php?rest_route=\/wp\/v2\/posts\/12668","targetHints":{"allow":["GET"]}}],"collection":[{"href":"https:\/\/revistaepocadigital.com.ar\/index.php?rest_route=\/wp\/v2\/posts"}],"about":[{"href":"https:\/\/revistaepocadigital.com.ar\/index.php?rest_route=\/wp\/v2\/types\/post"}],"author":[{"embeddable":true,"href":"https:\/\/revistaepocadigital.com.ar\/index.php?rest_route=\/wp\/v2\/users\/3"}],"replies":[{"embeddable":true,"href":"https:\/\/revistaepocadigital.com.ar\/index.php?rest_route=%2Fwp%2Fv2%2Fcomments&post=12668"}],"version-history":[{"count":0,"href":"https:\/\/revistaepocadigital.com.ar\/index.php?rest_route=\/wp\/v2\/posts\/12668\/revisions"}],"wp:featuredmedia":[{"embeddable":true,"href":"https:\/\/revistaepocadigital.com.ar\/index.php?rest_route=\/wp\/v2\/media\/12675"}],"wp:attachment":[{"href":"https:\/\/revistaepocadigital.com.ar\/index.php?rest_route=%2Fwp%2Fv2%2Fmedia&parent=12668"}],"wp:term":[{"taxonomy":"category","embeddable":true,"href":"https:\/\/revistaepocadigital.com.ar\/index.php?rest_route=%2Fwp%2Fv2%2Fcategories&post=12668"},{"taxonomy":"post_tag","embeddable":true,"href":"https:\/\/revistaepocadigital.com.ar\/index.php?rest_route=%2Fwp%2Fv2%2Ftags&post=12668"}],"curies":[{"name":"wp","href":"https:\/\/api.w.org\/{rel}","templated":true}]}}