{"id":12678,"date":"2021-09-18T00:33:26","date_gmt":"2021-09-18T03:33:26","guid":{"rendered":"https:\/\/revistaepocadigital.com.ar\/?p=12678"},"modified":"2021-09-18T00:33:26","modified_gmt":"2021-09-18T03:33:26","slug":"cambios-de-recorridos-de-colectivos","status":"publish","type":"post","link":"https:\/\/revistaepocadigital.com.ar\/?p=12678","title":{"rendered":"CAMBIOS DE RECORRIDOS DE COLECTIVOS"},"content":{"rendered":"<div class=\"\" dir=\"auto\">\n<div id=\"jsc_c_i7\" class=\"ecm0bbzt hv4rvrfc ihqw7lf3 dati1w0a\" data-ad-comet-preview=\"message\" data-ad-preview=\"message\">\n<div class=\"j83agx80 cbu4d94t ew0dbk1b irj2b8pg\">\n<div class=\"qzhwtbm6 knvmm38d\">\n<div class=\"kvgmc6g5 cxmmr5t8 oygrvhab hcukyx3x c1et5uql ii04i59q\">\n<div dir=\"auto\"><strong>DESDE LA MUNICIPALIDAD FUE INFORMADO.<!--more--><\/strong><\/div>\n<\/div>\n<div class=\"o9v6fnle cxmmr5t8 oygrvhab hcukyx3x c1et5uql ii04i59q\">\n<div dir=\"auto\">Con motivo del cierre del paso a nivel N\u00b0 2 en Cardales, ubicado sobre la calle Rivadavia entre Leandro N. Alem y Juan B. Justo, se dispuso el cambio de recorrido provisorio de las Empresas de Transporte P\u00fablico de Pasajeros.<\/div>\n<\/div>\n<div dir=\"auto\"><img loading=\"lazy\" decoding=\"async\" class=\"alignleft size-full wp-image-12683\" src=\"https:\/\/revistaepocadigital.com.ar\/wp-content\/uploads\/2021\/09\/242249714_4731507440235511_4145290331378919904_n.jpg\" alt=\"\" width=\"800\" height=\"800\" srcset=\"https:\/\/revistaepocadigital.com.ar\/wp-content\/uploads\/2021\/09\/242249714_4731507440235511_4145290331378919904_n.jpg 800w, https:\/\/revistaepocadigital.com.ar\/wp-content\/uploads\/2021\/09\/242249714_4731507440235511_4145290331378919904_n-300x300.jpg 300w, https:\/\/revistaepocadigital.com.ar\/wp-content\/uploads\/2021\/09\/242249714_4731507440235511_4145290331378919904_n-150x150.jpg 150w, https:\/\/revistaepocadigital.com.ar\/wp-content\/uploads\/2021\/09\/242249714_4731507440235511_4145290331378919904_n-768x768.jpg 768w, https:\/\/revistaepocadigital.com.ar\/wp-content\/uploads\/2021\/09\/242249714_4731507440235511_4145290331378919904_n-696x696.jpg 696w, https:\/\/revistaepocadigital.com.ar\/wp-content\/uploads\/2021\/09\/242249714_4731507440235511_4145290331378919904_n-420x420.jpg 420w\" sizes=\"auto, (max-width: 800px) 100vw, 800px\" \/><\/div>\n<div class=\"o9v6fnle cxmmr5t8 oygrvhab hcukyx3x c1et5uql ii04i59q\">\n<div dir=\"auto\"><\/div>\n<div dir=\"auto\">Las razones han sido las obras que llevar\u00e1 adelante la Empresa Trenes Argentinos desde el lunes 20 de septiembre. La medida se extiende por lo menos por 30 d\u00edas.<\/div>\n<\/div>\n<div class=\"o9v6fnle cxmmr5t8 oygrvhab hcukyx3x c1et5uql ii04i59q\">\n<div dir=\"auto\"><\/div>\n<div dir=\"auto\">La Direcci\u00f3n de Transporte del municipio, adem\u00e1s hizo saber que, con respecto a la Empresa Ruta Bus, la modificaci\u00f3n del recorrido corresponde \u00fanicamente a la L\u00ednea Comunal 501, que une Capilla del Se\u00f1or con Los Cardales. En cuanto al servicio que comunican Los Cardales &#8211; Pilar y Los Cardales &#8211; Escobar, continuar\u00e1n con los mismos servicios como hasta ahora, por tratarse de servicios provinciales.<\/div>\n<div dir=\"auto\"><\/div>\n<\/div>\n<\/div>\n<\/div>\n<\/div>\n<\/div>\n","protected":false},"excerpt":{"rendered":"<p>DESDE LA MUNICIPALIDAD FUE INFORMADO.<\/p>\n","protected":false},"author":3,"featured_media":12681,"comment_status":"open","ping_status":"open","sticky":false,"template":"","format":"standard","meta":{"footnotes":"","jetpack_publicize_message":"","jetpack_publicize_feature_enabled":true,"jetpack_social_post_already_shared":false,"jetpack_social_options":{"image_generator_settings":{"template":"highway","default_image_id":0,"font":"","enabled":false},"version":2}},"categories":[4],"tags":[1589],"class_list":["post-12678","post","type-post","status-publish","format-standard","has-post-thumbnail","hentry","category-aqui-los-cardales","tag-cambio-recorridos"],"jetpack_publicize_connections":[],"jetpack_featured_media_url":"https:\/\/revistaepocadigital.com.ar\/wp-content\/uploads\/2021\/09\/242217292_4731507443568844_5562694774597968109_n.jpg","jetpack_likes_enabled":true,"_links":{"self":[{"href":"https:\/\/revistaepocadigital.com.ar\/index.php?rest_route=\/wp\/v2\/posts\/12678","targetHints":{"allow":["GET"]}}],"collection":[{"href":"https:\/\/revistaepocadigital.com.ar\/index.php?rest_route=\/wp\/v2\/posts"}],"about":[{"href":"https:\/\/revistaepocadigital.com.ar\/index.php?rest_route=\/wp\/v2\/types\/post"}],"author":[{"embeddable":true,"href":"https:\/\/revistaepocadigital.com.ar\/index.php?rest_route=\/wp\/v2\/users\/3"}],"replies":[{"embeddable":true,"href":"https:\/\/revistaepocadigital.com.ar\/index.php?rest_route=%2Fwp%2Fv2%2Fcomments&post=12678"}],"version-history":[{"count":0,"href":"https:\/\/revistaepocadigital.com.ar\/index.php?rest_route=\/wp\/v2\/posts\/12678\/revisions"}],"wp:featuredmedia":[{"embeddable":true,"href":"https:\/\/revistaepocadigital.com.ar\/index.php?rest_route=\/wp\/v2\/media\/12681"}],"wp:attachment":[{"href":"https:\/\/revistaepocadigital.com.ar\/index.php?rest_route=%2Fwp%2Fv2%2Fmedia&parent=12678"}],"wp:term":[{"taxonomy":"category","embeddable":true,"href":"https:\/\/revistaepocadigital.com.ar\/index.php?rest_route=%2Fwp%2Fv2%2Fcategories&post=12678"},{"taxonomy":"post_tag","embeddable":true,"href":"https:\/\/revistaepocadigital.com.ar\/index.php?rest_route=%2Fwp%2Fv2%2Ftags&post=12678"}],"curies":[{"name":"wp","href":"https:\/\/api.w.org\/{rel}","templated":true}]}}