{"id":12685,"date":"2021-09-18T00:39:09","date_gmt":"2021-09-18T03:39:09","guid":{"rendered":"https:\/\/revistaepocadigital.com.ar\/?p=12685"},"modified":"2021-09-18T00:41:39","modified_gmt":"2021-09-18T03:41:39","slug":"vacunacion-libre-con-segunda-dosis-para-mayores-de-60-anos","status":"publish","type":"post","link":"https:\/\/revistaepocadigital.com.ar\/?p=12685","title":{"rendered":"Vacunaci\u00f3n libre con segunda dosis para mayores de 60 a\u00f1os"},"content":{"rendered":"<table border=\"0\" cellspacing=\"0\" cellpadding=\"0\">\n<tbody>\n<tr class=\"yiv6143956307selected-region\">\n<td class=\"yiv6143956307stack-column\" valign=\"top\">\n<div class=\"yiv6143956307selected-element\">\n<div><strong>\u00bfA QUIENES ALCANZA?<!--more--><\/strong><\/div>\n<div><\/div>\n<div>A los que hayan cumplido los tiempos interdosis establecidos; adem\u00e1s, comenz\u00f3 la inmunizaci\u00f3n de chicos y chicas de 17 a\u00f1os sin condiciones de salud priorizadas<i>.<\/i><\/div>\n<div><\/div>\n<div>\u201cHabr\u00e1 vacunaci\u00f3n libre de segunda dosis para los y las bonaerenses mayores de 60 a\u00f1os que hayan recibido la primera dosis de Sputnik y AstraZeneca hace ocho semanas o la vacuna de Sinopharm hace tres semanas\u201d, anunci\u00f3 esta ma\u00f1ana el gobernador de la provincia de Buenos Aires, Axel Kicillof, desde el operativo de inmunizaci\u00f3n emplazado en la Universidad Arturo Jauretche (UNAJ) de Florencio Varela. Estuvieron presentes el ministro de Salud, Nicol\u00e1s Kreplak; y el intendente local, Andr\u00e9s Watson.<\/div>\n<div><\/div>\n<div>\u201cEste es un hito muy importante para el plan de vacunaci\u00f3n porque nos va a permitir completar los esquemas de toda la poblaci\u00f3n que enfrenta m\u00e1s riesgo frente al virus\u201d, sostuvo Kicillof, al tiempo que valor\u00f3 que \u201cla inmunizaci\u00f3n en mayores de 60 a\u00f1os est\u00e1 muy avanzada y ahora quienes cumplan los plazos no deber\u00e1n esperar un turno para recibir la segunda dosis\u201d. En septiembre, son m\u00e1s de 50 mil los y las bonaerenses mayores que podr\u00e1n completar sus esquemas sin turno previo.<\/div>\n<div><\/div>\n<div>Asimismo, el Gobernador inform\u00f3 que \u201choy se est\u00e1n enviando 125 mil turnos para chicos y chicas de 17 a\u00f1os que no poseen enfermedades preexistentes\u201d. \u201cHasta aqu\u00ed hab\u00edamos alcanzado a la gran mayor\u00eda de los menores de entre 12 y 17 a\u00f1os que ten\u00edan condiciones de salud priorizadas; ahora contamos con las vacunas para avanzar tambi\u00e9n con la inmunizaci\u00f3n de quienes no presentan comorbilidades\u201d, agreg\u00f3.<\/div>\n<div><\/div>\n<div>Son m\u00e1s de 144 mil los chicos y chicas de 17 a\u00f1os sin condiciones de salud priorizadas que se han inscripto para recibir la vacuna.<\/div>\n<div><\/div>\n<div>Por su parte, el intendente Watson remarc\u00f3: \u201cHemos pasado las 454 mil aplicaciones en los nueve vacunatorios del distrito, donde los y las trabajadoras de la salud reciben con una gran calidad humana a cada vecino y vecina que se acerca para inmunizarse\u201d. \u201cEl pueblo de Florencio Varela se siente protegido por un Estado presente, gracias a la articulaci\u00f3n entre la Naci\u00f3n, la Provincia y el municipio\u201d, dijo.<\/div>\n<div><\/div>\n<div>\u201cHace mucho tiempo que en la provincia de Buenos Aires contamos con vacunaci\u00f3n libre respecto de la primera dosis para todos y todas las mayores de 18 a\u00f1os, lo que nos est\u00e1 permitiendo alcanzar a toda la poblaci\u00f3n objetivo\u201d, se\u00f1al\u00f3 Kicillof y concluy\u00f3: \u201cEl descenso de los casos, que lleva 16 semanas, no es casualidad: estamos venciendo al virus gracias a las vacunas que adquiri\u00f3 el Gobierno Nacional y que estamos aplicando en la Provincia y en todo el pa\u00eds\u201d.<\/div>\n<div><\/div>\n<div>Tambi\u00e9n participaron (17\/9) el ministro de Desarrollo de la Comunidad, Andr\u00e9s Larroque; el candidato a diputado nacional Daniel Gollan; el rector de la UNAJ, Ernesto Villanueva; el vicerrector y secretario de Calidad en Salud del Ministerio de Salud de la Naci\u00f3n, Arnaldo Medina; la presidenta del Consejo Deliberante de Florencio Varela, Laura Ravagni; y la coordinadora del vacunatorio, Natalia Candia.<\/div>\n<\/div>\n<\/td>\n<\/tr>\n<\/tbody>\n<\/table>\n<p><!--more--><\/p>\n<p>Foto gentileza El Independiente.<\/p>\n","protected":false},"excerpt":{"rendered":"<p>\u00bfA QUIENES ALCANZA?<\/p>\n","protected":false},"author":3,"featured_media":12687,"comment_status":"open","ping_status":"open","sticky":false,"template":"","format":"standard","meta":{"footnotes":"","jetpack_publicize_message":"","jetpack_publicize_feature_enabled":true,"jetpack_social_post_already_shared":false,"jetpack_social_options":{"image_generator_settings":{"template":"highway","default_image_id":0,"font":"","enabled":false},"version":2}},"categories":[13],"tags":[894],"class_list":["post-12685","post","type-post","status-publish","format-standard","has-post-thumbnail","hentry","category-interes-general","tag-vacunacion"],"jetpack_publicize_connections":[],"jetpack_featured_media_url":"https:\/\/revistaepocadigital.com.ar\/wp-content\/uploads\/2021\/09\/ooo.jpg","jetpack_likes_enabled":true,"_links":{"self":[{"href":"https:\/\/revistaepocadigital.com.ar\/index.php?rest_route=\/wp\/v2\/posts\/12685","targetHints":{"allow":["GET"]}}],"collection":[{"href":"https:\/\/revistaepocadigital.com.ar\/index.php?rest_route=\/wp\/v2\/posts"}],"about":[{"href":"https:\/\/revistaepocadigital.com.ar\/index.php?rest_route=\/wp\/v2\/types\/post"}],"author":[{"embeddable":true,"href":"https:\/\/revistaepocadigital.com.ar\/index.php?rest_route=\/wp\/v2\/users\/3"}],"replies":[{"embeddable":true,"href":"https:\/\/revistaepocadigital.com.ar\/index.php?rest_route=%2Fwp%2Fv2%2Fcomments&post=12685"}],"version-history":[{"count":0,"href":"https:\/\/revistaepocadigital.com.ar\/index.php?rest_route=\/wp\/v2\/posts\/12685\/revisions"}],"wp:featuredmedia":[{"embeddable":true,"href":"https:\/\/revistaepocadigital.com.ar\/index.php?rest_route=\/wp\/v2\/media\/12687"}],"wp:attachment":[{"href":"https:\/\/revistaepocadigital.com.ar\/index.php?rest_route=%2Fwp%2Fv2%2Fmedia&parent=12685"}],"wp:term":[{"taxonomy":"category","embeddable":true,"href":"https:\/\/revistaepocadigital.com.ar\/index.php?rest_route=%2Fwp%2Fv2%2Fcategories&post=12685"},{"taxonomy":"post_tag","embeddable":true,"href":"https:\/\/revistaepocadigital.com.ar\/index.php?rest_route=%2Fwp%2Fv2%2Ftags&post=12685"}],"curies":[{"name":"wp","href":"https:\/\/api.w.org\/{rel}","templated":true}]}}