{"id":12690,"date":"2021-09-18T00:59:59","date_gmt":"2021-09-18T03:59:59","guid":{"rendered":"https:\/\/revistaepocadigital.com.ar\/?p=12690"},"modified":"2021-09-18T00:59:59","modified_gmt":"2021-09-18T03:59:59","slug":"el-nuevo-gabinete-del-presidente-alberto-fernandez-cambiara-algo","status":"publish","type":"post","link":"https:\/\/revistaepocadigital.com.ar\/?p=12690","title":{"rendered":"El &#8220;nuevo&#8221; gabinete del presidente Alberto Fern\u00e1ndez. \u00bfCambiar\u00e1 algo?"},"content":{"rendered":"<div class=\"row\">\n<div class=\"col-12\">\n<section class=\"section-detail-header\" data-td-script-src=\"https:\/\/www.ambito.com\/js-custom\/239\/detail-min-version-1620238303.js\">\n<div class=\"detail-header\">\n<h2 class=\"excerpt\"><strong>MIR\u00c1.<\/strong><\/h2>\n<p><!--more--><\/p>\n<h2 class=\"excerpt\">El nuevo jefe de Gabinete es el gobernador de Tucum\u00e1n, Juan Manzur. El cuestionado Santiago Cafiero de Jefe de Gabinete a ministro de relaciones exteriores. Vuelve un viejo conocido, muy controvertido, An\u00edbal Fern\u00e1ndez en Seguridad. En Educaci\u00f3n Jaime Perzyck, Daniel Filmus en Ciencia y Tecnolog\u00eda y Juli\u00e1n Dom\u00ednguez en Ganader\u00eda, Agricultura y Pesca<\/h2>\n<\/div>\n<\/section>\n<\/div>\n<\/div>\n<div class=\"row\">\n<div class=\"col-12 col-md-12 col-lg-8\">\n<section class=\"detail-body first-paragraph\">\n<section id=\"note-body\" class=\"body-content note-body content-protected-false\" data-twitter-link=\"https:\/\/twitter.com\/intent\/tweet?url=https:\/\/www.ambito.com\/c5282663&amp;v\u00eda=Ambitocom&amp;related=\u00e1mbito.com&amp;text=\">Tras cuatro d\u00edas de fren\u00e9ticas negociaciones, el Gobierno nacional decidi\u00f3 anunciar el nuevo Gabinete que acompa\u00f1ar\u00e1 al presidente Alberto Fern\u00e1ndez.<\/p>\n<\/section>\n<\/section>\n<section class=\"detail-body second-paragraph\">\n<section class=\"body-content note-body content-protected-false\"><\/section>\n<\/section>\n<section class=\"related-note-in-body\">\n<article class=\"related-note-in-body-article row align-items-stretch no-gutters  \" data-type=\"article\">\n<div class=\"col\">\n<div class=\"info-wrapper\">\n<h2 class=\"title\"><span style=\"font-family: Verdana, Geneva, sans-serif; font-size: 15px; color: #222222;\">Anibal Fern\u00e1ndez (Ministerio de Seguridad)<\/span><\/h2>\n<\/div>\n<\/div>\n<\/article>\n<\/section>\n<section class=\"detail-body\">\n<section class=\"body-content note-body content-protected-false\">Juli\u00e1n Dom\u00ednguez (Ganader\u00eda, Agricultura y Pesca)<\/p>\n<p>Jaime Perzyck (Educaci\u00f3n)<\/p>\n<p>Daniel Filmus (Ciencia y Tecnolog\u00eda)<\/p>\n<p>Juan Ross (secretario de Comunicaci\u00f3n y Prensa)<\/p>\n<h2><strong>Ministros que cambian de funci\u00f3n:<\/strong><\/h2>\n<p>Santiago Cafiero (Ministerio de Relaciones Exteriores y Culto)<\/p>\n<h2><strong>Ministros ratificados en sus puestos:<\/strong><\/h2>\n<p>Eduardo &#8220;Wado&#8221; de Pedro (Ministerio del Interior)<\/p>\n<p>Mart\u00edn Guzm\u00e1n (Econom\u00eda)<\/p>\n<p>Mat\u00edas Kulfas (Desarrollo Productivo)<\/p>\n<p>Juan Horacio Zabaleta (Desarrollo Social)<\/p>\n<p>Gabriel Katopodis (Obras P\u00fablicas)<\/p>\n<p>Carla Vizzotti (Ministerio de Salud)<\/p>\n<p>Jorge Ferraresi (Ministerio de Desarrollo Territorial y H\u00e1bitat)<\/p>\n<p>Jorge Taiana (Ministerio de Defensa)<\/p>\n<p>Claudio Moroni (Ministerio de Trabajo, Empleo y Seguridad Social)<\/p>\n<p>Mat\u00edas Lammens (Ministerio de Turismo y Deportes)<\/p>\n<p>Juan Cabandi\u00e9 (Ministerio de Ambiente y Desarrollo Sostenible)<\/p>\n<p>Alexis Guerrera (Ministerio de Transporte)<\/p>\n<p>Elizabeth G\u00f3mez Alcorta (Mujeres, G\u00e9neros y Diversidad)<\/p>\n<p>Mart\u00edn Soria (Justicia y Derechos Humanos)<\/p>\n<p>Trist\u00e1n Bauer (Ministerio de Cultura)<\/p>\n<p>&nbsp;<\/p>\n<h2>Ministros que dejan sus puestos:<\/h2>\n<p>Santiago Cafiero (jefe de Gabinete)<\/p>\n<p>Felipe Sol\u00e1 (Canciller\u00eda)<\/p>\n<p>Luis Basterra (Ganader\u00eda, Agricultura y Pesca)<\/p>\n<p>Roberto Carlos Salvarezza (Ciencia y Tecnolog\u00eda)<\/p>\n<p>Sabina Frederic (Seguridad)<\/p>\n<p>Nicol\u00e1s Trotta (Educaci\u00f3n)<\/p>\n<p>Juan Pablo Biondi (secretario de Comunicaci\u00f3n y Prensa)<\/p>\n<\/section>\n<\/section>\n<div><\/div>\n<div class=\"banner-wrapper free-banner\"><strong>Cambios. \u00bfCambiar\u00e1 algo?<\/strong><\/div>\n<\/div>\n<\/div>\n","protected":false},"excerpt":{"rendered":"<p>MIR\u00c1.<\/p>\n","protected":false},"author":4,"featured_media":12691,"comment_status":"open","ping_status":"open","sticky":false,"template":"","format":"standard","meta":{"footnotes":"","jetpack_publicize_message":"","jetpack_publicize_feature_enabled":true,"jetpack_social_post_already_shared":false,"jetpack_social_options":{"image_generator_settings":{"template":"highway","default_image_id":0,"font":"","enabled":false},"version":2}},"categories":[17],"tags":[1336,1590],"class_list":["post-12690","post","type-post","status-publish","format-standard","has-post-thumbnail","hentry","category-politica","tag-ministros","tag-nuevo-gabinete"],"jetpack_publicize_connections":[],"jetpack_featured_media_url":"https:\/\/revistaepocadigital.com.ar\/wp-content\/uploads\/2021\/09\/casa-rosada.jpg","jetpack_likes_enabled":true,"_links":{"self":[{"href":"https:\/\/revistaepocadigital.com.ar\/index.php?rest_route=\/wp\/v2\/posts\/12690","targetHints":{"allow":["GET"]}}],"collection":[{"href":"https:\/\/revistaepocadigital.com.ar\/index.php?rest_route=\/wp\/v2\/posts"}],"about":[{"href":"https:\/\/revistaepocadigital.com.ar\/index.php?rest_route=\/wp\/v2\/types\/post"}],"author":[{"embeddable":true,"href":"https:\/\/revistaepocadigital.com.ar\/index.php?rest_route=\/wp\/v2\/users\/4"}],"replies":[{"embeddable":true,"href":"https:\/\/revistaepocadigital.com.ar\/index.php?rest_route=%2Fwp%2Fv2%2Fcomments&post=12690"}],"version-history":[{"count":0,"href":"https:\/\/revistaepocadigital.com.ar\/index.php?rest_route=\/wp\/v2\/posts\/12690\/revisions"}],"wp:featuredmedia":[{"embeddable":true,"href":"https:\/\/revistaepocadigital.com.ar\/index.php?rest_route=\/wp\/v2\/media\/12691"}],"wp:attachment":[{"href":"https:\/\/revistaepocadigital.com.ar\/index.php?rest_route=%2Fwp%2Fv2%2Fmedia&parent=12690"}],"wp:term":[{"taxonomy":"category","embeddable":true,"href":"https:\/\/revistaepocadigital.com.ar\/index.php?rest_route=%2Fwp%2Fv2%2Fcategories&post=12690"},{"taxonomy":"post_tag","embeddable":true,"href":"https:\/\/revistaepocadigital.com.ar\/index.php?rest_route=%2Fwp%2Fv2%2Ftags&post=12690"}],"curies":[{"name":"wp","href":"https:\/\/api.w.org\/{rel}","templated":true}]}}