{"id":12700,"date":"2021-09-19T23:26:42","date_gmt":"2021-09-20T02:26:42","guid":{"rendered":"https:\/\/revistaepocadigital.com.ar\/?p=12700"},"modified":"2021-09-19T23:26:42","modified_gmt":"2021-09-20T02:26:42","slug":"en-la-provincia-tambien-se-movio-el-tablero-cambios-en-el-gabinete","status":"publish","type":"post","link":"https:\/\/revistaepocadigital.com.ar\/?p=12700","title":{"rendered":"En la Provincia tambi\u00e9n se movi\u00f3 el tablero. Cambios en el gabinete"},"content":{"rendered":"<p><strong>EL CIMBRONAZO PRODUCIDO POR EL RESULTADO ADVERSO EN LAS PASO.<\/strong><!--more--><\/p>\n<p>Como es sabido y con m\u00faltiples especulaciones y versiones, deriv\u00f3 en modificaciones en el gabinete del gobierno nacional. Con mucha menos sonoridad, tambi\u00e9n quedaron resueltos cambios en el gabinete que acompa\u00f1a al gobernador de la Provincia de Buenos Aires, Axel Kicillof, quien dispuso la reformulaci\u00f3n de su gabinete <em>&#8220;de cara a la etapa de reconstrucci\u00f3n que comienza a partir de la pospandemia&#8221;,<\/em> seg\u00fan lo informado.<\/p>\n<p>En primer lugar, al frente de la Jefatura de Gabinete de Ministros ser\u00e1 designado Mart\u00edn Insaurralde. Mientras que Carlos Bianco ocupara el cargo de Jefe de Asesores del Gobierno provincial.<\/p>\n<p>El Ministerio de Infraestructura y Servicios P\u00fablicos quedar\u00e1 bajo la responsabilidad de Leonardo Nardini; Agust\u00edn Simone tendr\u00e1 a su cargo el Instituto de la Vivienda.\u00a0Por su parte, en el Ministerio de Gobierno designar\u00e1n a Cristina \u00c1lvarez Rodr\u00edguez.<\/p>\n<p><em>&#8220;Con el objetivo de fortalecer la gesti\u00f3n provincial para dar las respuestas necesarias a las y los bonaerenses, y en consonancia con el recambio realizado por el presidente Alberto Fern\u00e1ndez en el gabinete nacional, el gobernador ha tomado estas determinaciones para que desde ma\u00f1ana mismo se ponga en marcha esta nueva etapa&#8221;<\/em>, hicieron saber desde el gobierno bonaerense. Por otro lado, el gobernador agradeci\u00f3 el empe\u00f1o y la labor realizada por Teresa Garc\u00eda.<\/p>\n<p>&nbsp;<\/p>\n","protected":false},"excerpt":{"rendered":"<p>EL CIMBRONAZO PRODUCIDO POR EL RESULTADO ADVERSO EN LAS PASO.<\/p>\n","protected":false},"author":4,"featured_media":12702,"comment_status":"open","ping_status":"open","sticky":false,"template":"","format":"standard","meta":{"footnotes":"","jetpack_publicize_message":"","jetpack_publicize_feature_enabled":true,"jetpack_social_post_already_shared":false,"jetpack_social_options":{"image_generator_settings":{"template":"highway","default_image_id":0,"font":"","enabled":false},"version":2}},"categories":[17],"tags":[714,1591,478],"class_list":["post-12700","post","type-post","status-publish","format-standard","has-post-thumbnail","hentry","category-politica","tag-cambios","tag-gabinete-provincial","tag-kicillof"],"jetpack_publicize_connections":[],"jetpack_featured_media_url":"https:\/\/revistaepocadigital.com.ar\/wp-content\/uploads\/2021\/09\/axel-kicillof-20210912-1229396.jpg","jetpack_likes_enabled":true,"_links":{"self":[{"href":"https:\/\/revistaepocadigital.com.ar\/index.php?rest_route=\/wp\/v2\/posts\/12700","targetHints":{"allow":["GET"]}}],"collection":[{"href":"https:\/\/revistaepocadigital.com.ar\/index.php?rest_route=\/wp\/v2\/posts"}],"about":[{"href":"https:\/\/revistaepocadigital.com.ar\/index.php?rest_route=\/wp\/v2\/types\/post"}],"author":[{"embeddable":true,"href":"https:\/\/revistaepocadigital.com.ar\/index.php?rest_route=\/wp\/v2\/users\/4"}],"replies":[{"embeddable":true,"href":"https:\/\/revistaepocadigital.com.ar\/index.php?rest_route=%2Fwp%2Fv2%2Fcomments&post=12700"}],"version-history":[{"count":0,"href":"https:\/\/revistaepocadigital.com.ar\/index.php?rest_route=\/wp\/v2\/posts\/12700\/revisions"}],"wp:featuredmedia":[{"embeddable":true,"href":"https:\/\/revistaepocadigital.com.ar\/index.php?rest_route=\/wp\/v2\/media\/12702"}],"wp:attachment":[{"href":"https:\/\/revistaepocadigital.com.ar\/index.php?rest_route=%2Fwp%2Fv2%2Fmedia&parent=12700"}],"wp:term":[{"taxonomy":"category","embeddable":true,"href":"https:\/\/revistaepocadigital.com.ar\/index.php?rest_route=%2Fwp%2Fv2%2Fcategories&post=12700"},{"taxonomy":"post_tag","embeddable":true,"href":"https:\/\/revistaepocadigital.com.ar\/index.php?rest_route=%2Fwp%2Fv2%2Ftags&post=12700"}],"curies":[{"name":"wp","href":"https:\/\/api.w.org\/{rel}","templated":true}]}}