{"id":12741,"date":"2021-09-22T02:07:36","date_gmt":"2021-09-22T05:07:36","guid":{"rendered":"https:\/\/revistaepocadigital.com.ar\/?p=12741"},"modified":"2021-09-22T02:07:36","modified_gmt":"2021-09-22T05:07:36","slug":"efecto-paso-se-termino-la-pandemia-habra-clases-los-sabados","status":"publish","type":"post","link":"https:\/\/revistaepocadigital.com.ar\/?p=12741","title":{"rendered":"Efecto PASO: se &#8220;termin\u00f3&#8221; la pandemia. Habr\u00e1 clases los s\u00e1bados."},"content":{"rendered":"<header class=\"article-header-wrapper\">\n<div class=\"article-header\">\n<h5 class=\"article-headline\"><strong>PARA RECUPERAR CONTENIDOS. LO ANUNCI\u00d3 EL GOBERNADOR KICILLOF<\/strong>.<\/h5>\n<header class=\"article-header-wrapper\">\n<div class=\"nd_buttons_container width_full display_flex\">\n<div class=\"display_flex row align_items_center justify_center color_white\"><\/div>\n<\/div>\n<\/header>\n<p><!--more--><\/p>\n<h5>\u00a0El gobernador bonaerense dijo que el objetivo es la \u201cintensificaci\u00f3n de la ense\u00f1anza luego de un a\u00f1o de pandemia\u201d. Tambi\u00e9n habr\u00e1 clases a contraturno. Ser\u00e1n hasta el 20 de diciembre y se retomar\u00e1 el 1 de febrero. Nota en Infobae.com<\/h5>\n<\/div>\n<p>&nbsp;<\/p>\n<\/header>\n<article class=\"article\">\n<div class=\"nd-body-article\">\n<div class=\"visual__image \"><img loading=\"lazy\" decoding=\"async\" src=\"https:\/\/www.infobae.com\/new-resizer\/MgxqYYBrazSWXtnFSttd74CUbkk=\/420x236\/filters:format(jpg):quality(85)\/cloudfront-us-east-1.images.arcpublishing.com\/infobae\/J74MDVRMNFFELNIGQVYUV47Q5A.jpg%20420w\" sizes=\"auto, (min-width: 800px) 50vw, 90vw\" srcset=\"https:\/\/www.infobae.com\/new-resizer\/MgxqYYBrazSWXtnFSttd74CUbkk=\/420x236\/filters:format(jpg):quality(85)\/cloudfront-us-east-1.images.arcpublishing.com\/infobae\/J74MDVRMNFFELNIGQVYUV47Q5A.jpg 420w,https:\/\/www.infobae.com\/new-resizer\/LAbO9IpsUu87_Y_NwlcoT_S8wQk=\/768x432\/filters:format(jpg):quality(85)\/cloudfront-us-east-1.images.arcpublishing.com\/infobae\/J74MDVRMNFFELNIGQVYUV47Q5A.jpg 768w,https:\/\/www.infobae.com\/new-resizer\/PD6PQPBfRm70AzbuTTuCY9dXRCQ=\/992x558\/filters:format(jpg):quality(85)\/cloudfront-us-east-1.images.arcpublishing.com\/infobae\/J74MDVRMNFFELNIGQVYUV47Q5A.jpg 992w,https:\/\/www.infobae.com\/new-resizer\/2vNHRwTQI7rGQxrurOA6VDxzdvw=\/1200x675\/filters:format(jpg):quality(85)\/cloudfront-us-east-1.images.arcpublishing.com\/infobae\/J74MDVRMNFFELNIGQVYUV47Q5A.jpg 1200w,https:\/\/www.infobae.com\/new-resizer\/BnrLpicYzTJpmj82vgdgPswuCNM=\/1440x810\/filters:format(jpg):quality(85)\/cloudfront-us-east-1.images.arcpublishing.com\/infobae\/J74MDVRMNFFELNIGQVYUV47Q5A.jpg 1440w\" alt=\"Axel Kicillof junto a sus ministros en conferencia de prensa\" width=\"1920\" height=\"1080\" \/>Axel Kicillof junto a sus ministros en conferencia de prensa.<\/div>\n<div><\/div>\n<p class=\"paragraph\">Luego de que el gobierno nacional anunciara una flexibilizaci\u00f3n de las principales medidas sanitarias que estaban vigente debido a la pandemia de coronavirus, Axel Kicillof hizo lo propio para la provincia de Buenos Aires y sum\u00f3 tres nuevos anuncios, entre los cuales se destacan que<mark class=\"hl_yellow\"><b>\u00a0todos los alumnos de todos los niveles tendr\u00e1n clases a contraturno y los s\u00e1bados para recuperar los contenidos escolares. Comenzar\u00e1n este a\u00f1o hasta el 20 de diciembre, luego habr\u00e1 una pausa por vacaciones y se retomar\u00e1n el 1 de febrero hasta el 4 de marzo.<\/b><\/mark><\/p>\n<p class=\"paragraph\">\u201cEs un refuerzo escolar para la recuperaci\u00f3n de contenidos e intensificaci\u00f3n de la ense\u00f1anza.\u00a0<mark class=\"hl_yellow\"><b>En algunos casos va a ser obligatorio y en otros recomendado\u201d,<\/b><\/mark>\u00a0detall\u00f3 el Gobernador. A su vez, la ministra de Educaci\u00f3n dijo que \u201cest\u00e1 planteado para alumnos de gesti\u00f3n estatal, para niveles inicial, primario y secundario\u201d.<\/p>\n<div class=\"teads-inread sm-screen\">\n<div class=\"teads-ui-components-adchoices\"><\/div>\n<\/div>\n<p class=\"paragraph\">\u201cEn cada una de las escuelas se va a comunicar a las familias c\u00f3mo van a ser las actividades de cada uno de los chicos. Convocamos 30 mil docentes. Son 2500 millones de pesos por mes\u201d, cerr\u00f3 el mandatario.<\/p>\n<p class=\"paragraph\">Seg\u00fan inform\u00f3 la gobernaci\u00f3n al terminar la conferencia,<mark class=\"hl_yellow\"><b>\u00a0en primario y secundario las escuelas informar\u00e1n si los estudiantes deben participar de las actividades como condici\u00f3n obligatoria para acreditar y promover el bienio 20\/21 o recomiendan su participaci\u00f3n para fortalecer aprendizajes.\u00a0<\/b><\/mark>Tambi\u00e9n comunican los d\u00edas y horarios de clases a los que deben asistir cada estudiante.<\/p>\n<div><\/div>\n<p class=\"paragraph\">Adem\u00e1s, habr\u00e1 talleres de lectura, escritura y matem\u00e1tica para todos los estudiantes de 1\u00ba y 2\u00ba a\u00f1o de primaria, independientemente de los saberes alcanzados. Y en el Nivel Inicial, se enfatizar\u00e1 en la preparaci\u00f3n para el comienzo de la primaria de quienes est\u00e1n en el \u00faltimo a\u00f1o del Jard\u00edn.<\/p>\n<p class=\"paragraph\">Mientras dure el programa,\u00a0<b>los auxiliares de Educaci\u00f3n recibir\u00e1n un suplemento salarial adicional<\/b> para posibilitar el desarrollo de las actividades escolares de los d\u00edas s\u00e1bado.\u00a0El primer anuncio de Kicillof fue que\u00a0<mark class=\"hl_yellow\"><b>a partir de ma\u00f1ana los bonaerenses mayores de 50 a\u00f1os podr\u00e1n recibir la segunda dosis de la vacuna contra el coronavirus sin turno previo\u00a0<\/b><\/mark>debido a la llegada de nuevas dosis y por los \u201cporcentajes muy avanzados de vacunaci\u00f3n\u201d.<\/p>\n<p class=\"paragraph\">\u201cEstamos ampliando y profundizando nuestro plan de vacunaci\u00f3n y daremos desde ma\u00f1ana segunda dosis libre<b>\u00a0para mayores de 50 a\u00f1os que hayan cumplido con el per\u00edodo requerido de la primera aplicaci\u00f3n\u201d<\/b>, expuso el mandatario al encabezar una conferencia de prensa en el Sal\u00f3n Dorado de la Casa de Gobierno, en La Plata.<\/p>\n<p class=\"paragraph\">\u201cEs una meta que pens\u00e1bamos cumplir mucho despu\u00e9s, pero podemos cumplir ahora gracias a la enorme afluencia de vacunas y al gran porcentaje de la vacunaci\u00f3n, con el 90% de los mayores de 18 ya con una dosis y el 63% con el esquema completo\u201d, remarc\u00f3.<\/p>\n<div class=\"visual__image \"><img loading=\"lazy\" decoding=\"async\" src=\"https:\/\/www.infobae.com\/new-resizer\/zRkzPPC-mqaaqx-9yVHjDu10rzA=\/420x236\/filters:format(jpg):quality(85)\/cloudfront-us-east-1.images.arcpublishing.com\/infobae\/R3AFIEBZLZA6PCVMTPPMJI2I44.jpg%20420w\" sizes=\"auto, (min-width: 800px) 50vw, 90vw\" srcset=\"https:\/\/www.infobae.com\/new-resizer\/zRkzPPC-mqaaqx-9yVHjDu10rzA=\/420x236\/filters:format(jpg):quality(85)\/cloudfront-us-east-1.images.arcpublishing.com\/infobae\/R3AFIEBZLZA6PCVMTPPMJI2I44.jpg 420w,https:\/\/www.infobae.com\/new-resizer\/H4bYATAnqmPSG3fx12fYzsuQhuI=\/768x432\/filters:format(jpg):quality(85)\/cloudfront-us-east-1.images.arcpublishing.com\/infobae\/R3AFIEBZLZA6PCVMTPPMJI2I44.jpg 768w,https:\/\/www.infobae.com\/new-resizer\/H9FfrBNp7ENPUEXcixtw4twCIlc=\/992x558\/filters:format(jpg):quality(85)\/cloudfront-us-east-1.images.arcpublishing.com\/infobae\/R3AFIEBZLZA6PCVMTPPMJI2I44.jpg 992w,https:\/\/www.infobae.com\/new-resizer\/o8GI_PDt55fxh-9LtS15HyyMPgA=\/1200x675\/filters:format(jpg):quality(85)\/cloudfront-us-east-1.images.arcpublishing.com\/infobae\/R3AFIEBZLZA6PCVMTPPMJI2I44.jpg 1200w,https:\/\/www.infobae.com\/new-resizer\/ZPQgiXkYSmKHua1aRnDaNC9lpoc=\/1440x810\/filters:format(jpg):quality(85)\/cloudfront-us-east-1.images.arcpublishing.com\/infobae\/R3AFIEBZLZA6PCVMTPPMJI2I44.jpg 1440w\" alt=\"Los mayores de 50 a\u00f1os podr\u00e1n acceder a la segunda dosis sin turno previo\" width=\"1920\" height=\"1080\" \/>Los mayores de 50 a\u00f1os podr\u00e1n acceder a la segunda dosis sin turno previo<\/div>\n<div><\/div>\n<p class=\"paragraph\">El segundo anuncio estuvo vinculado a los\u00a0<b>comedores escolares<\/b>. Aqu\u00ed, Kicillof se tom\u00f3 un momento para repasar c\u00f3mo evolucion\u00f3 este proceso: \u201cCuando se inici\u00f3 la pandemia, decidimos continuar con el servicio alimentario escolar de otro modo. Cuando ven\u00edamos del gobierno anterior lo que ocurr\u00eda en las escuelas es que desayunaban 1.200.000 chicos y almorzaban medio mill\u00f3n. Cuando se inici\u00f3 la pandemia no pudimos tener abiertos los comedores, eso hizo que ante esta situaci\u00f3n la provincia de Buenos Aires resolviera llevar adelante una de las pol\u00edticas de inversi\u00f3n social m\u00e1s grandes que se ha hecho,\u00a0<b>que fue continuar con el servicio alimentario escolar en pandemia a trav\u00e9s de m\u00f3dulos alimentarios equivalentes a desayuno y almuerzo para 1.700.000 chicos\u201d.<\/b><\/p>\n<p class=\"paragraph\">Al respecto, destac\u00f3 que se trata de \u201cuna inversi\u00f3n mensual que pasar\u00e1 de mil millones a 4500 millones de pesos\u201d porque el programa se ampli\u00f3 \u201ca dos millones de chicos\u201d.<\/p>\n<p class=\"paragraph\">\u201cA partir de julio, con la situaci\u00f3n epidemiol\u00f3gica mejorando, lo que empezamos a hacer es autorizar que se realizar\u00e1n las colaciones, los desayunos, en las escuelas.\u00a0<mark class=\"hl_yellow\"><b>Hoy lo que vengo a anunciar es que a partir de octubre va a volver a abrirse el servicio de comedores escolares para el almuerzo. Hay desayuno o merienda y en octubre hay almuerzo y vamos a hacer las dos cosas a la vez\u201d<\/b><\/mark>, continu\u00f3.<\/p>\n<p class=\"paragraph\">Y complet\u00f3: \u201cDesayuno y almuerzo en escuelas y adem\u00e1s los m\u00f3dulos, como transici\u00f3n. Nosotros recibimos a fines de 2019 una inversi\u00f3n de mil millones de pesos, lo que estamos haciendo hoy es llevar la inversi\u00f3n a 8 mil millones. La multiplicamos por ocho\u201d.<\/p>\n<p class=\"paragraph\">Kicillof estuvo acompa\u00f1ado por los ministros de Salud, Nicol\u00e1s Kreplak; de Desarrollo, Andr\u00e9s Larroque; de Educaci\u00f3n, Agustina Vila; y el jefe de Gabinete saliente, Carlos Bianco.<\/p>\n<\/div>\n<p>Fuente: Infobae<\/p>\n<\/article>\n","protected":false},"excerpt":{"rendered":"<p>PARA RECUPERAR CONTENIDOS. LO ANUNCI\u00d3 EL GOBERNADOR KICILLOF.<\/p>\n","protected":false},"author":3,"featured_media":12742,"comment_status":"open","ping_status":"open","sticky":false,"template":"","format":"standard","meta":{"footnotes":"","jetpack_publicize_message":"","jetpack_publicize_feature_enabled":true,"jetpack_social_post_already_shared":false,"jetpack_social_options":{"image_generator_settings":{"template":"highway","default_image_id":0,"font":"","enabled":false},"version":2}},"categories":[13],"tags":[1596],"class_list":["post-12741","post","type-post","status-publish","format-standard","has-post-thumbnail","hentry","category-interes-general","tag-clases-sabadps-medidas"],"jetpack_publicize_connections":[],"jetpack_featured_media_url":"https:\/\/revistaepocadigital.com.ar\/wp-content\/uploads\/2021\/09\/M4WAG323HBAY5MWQ4EC6FYPGAA.jpg","jetpack_likes_enabled":true,"_links":{"self":[{"href":"https:\/\/revistaepocadigital.com.ar\/index.php?rest_route=\/wp\/v2\/posts\/12741","targetHints":{"allow":["GET"]}}],"collection":[{"href":"https:\/\/revistaepocadigital.com.ar\/index.php?rest_route=\/wp\/v2\/posts"}],"about":[{"href":"https:\/\/revistaepocadigital.com.ar\/index.php?rest_route=\/wp\/v2\/types\/post"}],"author":[{"embeddable":true,"href":"https:\/\/revistaepocadigital.com.ar\/index.php?rest_route=\/wp\/v2\/users\/3"}],"replies":[{"embeddable":true,"href":"https:\/\/revistaepocadigital.com.ar\/index.php?rest_route=%2Fwp%2Fv2%2Fcomments&post=12741"}],"version-history":[{"count":0,"href":"https:\/\/revistaepocadigital.com.ar\/index.php?rest_route=\/wp\/v2\/posts\/12741\/revisions"}],"wp:featuredmedia":[{"embeddable":true,"href":"https:\/\/revistaepocadigital.com.ar\/index.php?rest_route=\/wp\/v2\/media\/12742"}],"wp:attachment":[{"href":"https:\/\/revistaepocadigital.com.ar\/index.php?rest_route=%2Fwp%2Fv2%2Fmedia&parent=12741"}],"wp:term":[{"taxonomy":"category","embeddable":true,"href":"https:\/\/revistaepocadigital.com.ar\/index.php?rest_route=%2Fwp%2Fv2%2Fcategories&post=12741"},{"taxonomy":"post_tag","embeddable":true,"href":"https:\/\/revistaepocadigital.com.ar\/index.php?rest_route=%2Fwp%2Fv2%2Ftags&post=12741"}],"curies":[{"name":"wp","href":"https:\/\/api.w.org\/{rel}","templated":true}]}}