{"id":12783,"date":"2021-09-22T00:00:52","date_gmt":"2021-09-22T03:00:52","guid":{"rendered":"https:\/\/revistaepocadigital.com.ar\/?p=12783"},"modified":"2021-09-24T00:08:53","modified_gmt":"2021-09-24T03:08:53","slug":"cesar-barcia-en-el-festival-reinventarte","status":"publish","type":"post","link":"https:\/\/revistaepocadigital.com.ar\/?p=12783","title":{"rendered":"C\u00e9sar Barcia en el Festival Reinventarte"},"content":{"rendered":"<div class=\"\" dir=\"auto\">\n<div class=\"\" dir=\"auto\">\n<div class=\"ecm0bbzt hv4rvrfc ihqw7lf3 dati1w0a\" data-ad-comet-preview=\"message\" data-ad-preview=\"message\">\n<div class=\"j83agx80 cbu4d94t ew0dbk1b irj2b8pg\">\n<div class=\"qzhwtbm6 knvmm38d\">\n<div class=\"kvgmc6g5 cxmmr5t8 oygrvhab hcukyx3x c1et5uql ii04i59q\">\n<div dir=\"auto\"><span class=\"pq6dq46d tbxw36s4 knj5qynh kvgmc6g5 ditlmg2l oygrvhab nvdbi5me sf5mxxl7 gl3lb2sf hhz5lgdu\"><br \/>\n<strong>REINVENTARTE.<\/strong><!--more--><\/span><\/div>\n<\/div>\n<div class=\"o9v6fnle cxmmr5t8 oygrvhab hcukyx3x c1et5uql ii04i59q\">\n<div dir=\"auto\"><a class=\"oajrlxb2 g5ia77u1 qu0x051f esr5mh6w e9989ue4 r7d6kgcz rq0escxv nhd2j8a9 nc684nl6 p7hjln8o kvgmc6g5 cxmmr5t8 oygrvhab hcukyx3x jb3vyjys rz4wbd8a qt6c0cv9 a8nywdso i1ao9s8h esuyzwwr f1sip0of lzcic4wl q66pz984 gpro0wi8 b1v8xokw\" tabindex=\"0\" role=\"link\" href=\"https:\/\/www.facebook.com\/barcia.cesar?__cft__[0]=AZWw-MwuI6QKZ5pGHWA-bb3Uxh28sE1pX-FZOjRWmfA6Df9u0MFeObwpkieDsSp2zdoCUHJ1g257MGjCh5Pxgdw9tvRcp03Tw2VZwn05l719y9ZrEVuLyNqy0amNUOsaPJyQ750_jKbOuaxE4ENzoDOX-UpZP4IJwOrT92uZef2zNrlBCqsABH-Bf4S25WYv8wrqx8zX0G3qm4Lnsv7sBJvb9-t_pCAkxbokKGCHiHhvKg&amp;__tn__=-]K-y-R\"><span class=\"nc684nl6\">Cesar Barcia<\/span><\/a> es artista pl\u00e1stico, te hemos contado, y vive en Capilla del Se\u00f1or. Sus obras son estupendas. Hace 11 a\u00f1os comenz\u00f3 su carrera art\u00edstica. Adem\u00e1s forma parte de la Asociaci\u00f3n Internacional de Pintores con la Boca y el Pie. C\u00e9sar tambi\u00e9n particip\u00f3 en el Festival Reinventarte 21 al 24 de septiembre. ampliaremos.<\/div>\n<\/div>\n<\/div>\n<\/div>\n<\/div>\n<\/div>\n<\/div>\n<p>&nbsp;<\/p>\n","protected":false},"excerpt":{"rendered":"<p>REINVENTARTE.<\/p>\n","protected":false},"author":4,"featured_media":12784,"comment_status":"open","ping_status":"open","sticky":false,"template":"","format":"standard","meta":{"footnotes":"","jetpack_publicize_message":"","jetpack_publicize_feature_enabled":true,"jetpack_social_post_already_shared":false,"jetpack_social_options":{"image_generator_settings":{"template":"highway","default_image_id":0,"font":"","enabled":false},"version":2}},"categories":[13],"tags":[1446,1601],"class_list":["post-12783","post","type-post","status-publish","format-standard","has-post-thumbnail","hentry","category-interes-general","tag-barcia","tag-pinturas"],"jetpack_publicize_connections":[],"jetpack_featured_media_url":"https:\/\/revistaepocadigital.com.ar\/wp-content\/uploads\/2021\/09\/barcia-rotated-e1632452893474.jpg","jetpack_likes_enabled":true,"_links":{"self":[{"href":"https:\/\/revistaepocadigital.com.ar\/index.php?rest_route=\/wp\/v2\/posts\/12783","targetHints":{"allow":["GET"]}}],"collection":[{"href":"https:\/\/revistaepocadigital.com.ar\/index.php?rest_route=\/wp\/v2\/posts"}],"about":[{"href":"https:\/\/revistaepocadigital.com.ar\/index.php?rest_route=\/wp\/v2\/types\/post"}],"author":[{"embeddable":true,"href":"https:\/\/revistaepocadigital.com.ar\/index.php?rest_route=\/wp\/v2\/users\/4"}],"replies":[{"embeddable":true,"href":"https:\/\/revistaepocadigital.com.ar\/index.php?rest_route=%2Fwp%2Fv2%2Fcomments&post=12783"}],"version-history":[{"count":0,"href":"https:\/\/revistaepocadigital.com.ar\/index.php?rest_route=\/wp\/v2\/posts\/12783\/revisions"}],"wp:featuredmedia":[{"embeddable":true,"href":"https:\/\/revistaepocadigital.com.ar\/index.php?rest_route=\/wp\/v2\/media\/12784"}],"wp:attachment":[{"href":"https:\/\/revistaepocadigital.com.ar\/index.php?rest_route=%2Fwp%2Fv2%2Fmedia&parent=12783"}],"wp:term":[{"taxonomy":"category","embeddable":true,"href":"https:\/\/revistaepocadigital.com.ar\/index.php?rest_route=%2Fwp%2Fv2%2Fcategories&post=12783"},{"taxonomy":"post_tag","embeddable":true,"href":"https:\/\/revistaepocadigital.com.ar\/index.php?rest_route=%2Fwp%2Fv2%2Ftags&post=12783"}],"curies":[{"name":"wp","href":"https:\/\/api.w.org\/{rel}","templated":true}]}}