{"id":12825,"date":"2021-09-20T23:12:35","date_gmt":"2021-09-21T02:12:35","guid":{"rendered":"https:\/\/revistaepocadigital.com.ar\/?p=12825"},"modified":"2021-09-27T23:14:16","modified_gmt":"2021-09-28T02:14:16","slug":"los-30-anos-del-salon-de-artes-plasticas-luis-gualchi","status":"publish","type":"post","link":"https:\/\/revistaepocadigital.com.ar\/?p=12825","title":{"rendered":"LOS 30 A\u00d1OS DEL SAL\u00d3N DE ARTES PL\u00c1STICAS, LUIS GUALCHI"},"content":{"rendered":"<div class=\"\" dir=\"auto\">\n<div id=\"jsc_c_1l7\" class=\"ecm0bbzt hv4rvrfc ihqw7lf3 dati1w0a\" data-ad-comet-preview=\"message\" data-ad-preview=\"message\">\n<div class=\"j83agx80 cbu4d94t ew0dbk1b irj2b8pg\">\n<div class=\"qzhwtbm6 knvmm38d\">\n<div class=\"kvgmc6g5 cxmmr5t8 oygrvhab hcukyx3x c1et5uql ii04i59q\">\n<div dir=\"auto\"><strong><strong><span class=\"pq6dq46d tbxw36s4 knj5qynh kvgmc6g5 ditlmg2l oygrvhab nvdbi5me sf5mxxl7 gl3lb2sf hhz5lgdu\">EN LA EDICI\u00d3N 30.<\/span><\/strong><\/strong><\/p>\n<div class=\"\" dir=\"auto\">\n<div id=\"jsc_c_1l7\" class=\"ecm0bbzt hv4rvrfc ihqw7lf3 dati1w0a\" data-ad-comet-preview=\"message\" data-ad-preview=\"message\">\n<div class=\"j83agx80 cbu4d94t ew0dbk1b irj2b8pg\">\n<div class=\"qzhwtbm6 knvmm38d\">\n<div class=\"o9v6fnle cxmmr5t8 oygrvhab hcukyx3x c1et5uql ii04i59q\">\n<div dir=\"auto\"><\/div>\n<\/div>\n<div class=\"o9v6fnle cxmmr5t8 oygrvhab hcukyx3x c1et5uql ii04i59q\">\n<div dir=\"auto\"><\/div>\n<\/div>\n<\/div>\n<\/div>\n<\/div>\n<\/div>\n<p><!--more--><\/p>\n<div class=\"\"><\/div>\n<\/div>\n<\/div>\n<div class=\"o9v6fnle cxmmr5t8 oygrvhab hcukyx3x c1et5uql ii04i59q\">\n<div dir=\"auto\">Participaci\u00f3n de artistas locales y de la regi\u00f3n. C\u00f3mo cada a\u00f1o, tuvo lugar en el marco de la celebraci\u00f3n del festejo patronal. El intendente Nanni Diego acompa\u00f1ado por la Secretaria de Panificaci\u00f3n General Mar\u00eda Luz bozzani y el Director de Cultura Benjam\u00edn Vittori, realiz\u00f3 la apertura del tradicional sal\u00f3n en el Centro Cultural Municipal Cosmopolita.<\/div>\n<div dir=\"auto\"><\/div>\n<\/div>\n<div class=\"o9v6fnle cxmmr5t8 oygrvhab hcukyx3x c1et5uql ii04i59q\">\n<div dir=\"auto\">Durante tres d\u00e9cadas el <a class=\"oajrlxb2 g5ia77u1 qu0x051f esr5mh6w e9989ue4 r7d6kgcz rq0escxv nhd2j8a9 nc684nl6 p7hjln8o kvgmc6g5 cxmmr5t8 oygrvhab hcukyx3x jb3vyjys rz4wbd8a qt6c0cv9 a8nywdso i1ao9s8h esuyzwwr f1sip0of lzcic4wl q66pz984 gpro0wi8 b1v8xokw\" tabindex=\"0\" role=\"link\" href=\"https:\/\/www.facebook.com\/hashtag\/sal%C3%B3ngualchi?__eep__=6&amp;__cft__[0]=AZXKOTVfXwutMxtC-cROZKZiedmjt_FGTqpoGAPIIkM6Wm3C-4xxdlCcP2wbl1bxI3_cI-9_zDeHBmbE-BUf8Pjm-Gp2hsOTrZY4w8L6Ab36ukMB2371rIvybMNApUfqrIH0MKxzV_p-E7ECJxkTrJtf&amp;__tn__=*NK-R\">#Sal\u00f3nGualchi<\/a> supo consolidarse como uno de los salones de artes pl\u00e1sticas m\u00e1s importante de la provincia. En esta edici\u00f3n noventas artistas pl\u00e1sticos de la regi\u00f3n y el distrito participaron con obras de excelent\u00edsimo nivel.<\/div>\n<div dir=\"auto\"><\/div>\n<\/div>\n<div class=\"o9v6fnle cxmmr5t8 oygrvhab hcukyx3x c1et5uql ii04i59q\">\n<div dir=\"auto\">En la oportunidad obtuvo el primer premio la obra &#8220;La Cautiva&#8221; del artista pl\u00e1stico Mariano Piantoni, quien recibi\u00f3 un reconocimiento de $70.000.-. En este sentido, cabe mencionar que dicha obra pasa a manos de la Pinacoteca Municipal &#8220;Luis Gualchi&#8221;, la que se aloja en la planta alta del Centro Cultural Municipal Cosmopolita.<\/div>\n<\/div>\n<div class=\"o9v6fnle cxmmr5t8 oygrvhab hcukyx3x c1et5uql ii04i59q\">\n<div dir=\"auto\"><\/div>\n<div dir=\"auto\">El segundo premio fue para la obra &#8220;El Rito&#8221; de Fernando Rico. La obra &#8220;Mojigato&#8221; obtuvo el tercer premio. Y la menci\u00f3n especial a la artista local fue para la obra &#8220;Ludmila&#8221; de la artista Ornella Mor\u00e1n.<\/div>\n<div dir=\"auto\"><\/div>\n<\/div>\n<div class=\"o9v6fnle cxmmr5t8 oygrvhab hcukyx3x c1et5uql ii04i59q\">\n<div dir=\"auto\">El jurado estuvo integrado por los reconocidos pl\u00e1sticos y acad\u00e9micos, Carlota Mor\u00e1n, Julio Flores y Marcela Martinica. En el evento actu\u00f3 el pianista Mart\u00edn Perino y se pudo ver desde la p\u00e1gina de Facebook del municipio.<\/div>\n<\/div>\n<div class=\"o9v6fnle cxmmr5t8 oygrvhab hcukyx3x c1et5uql ii04i59q\">\n<div dir=\"auto\"><\/div>\n<\/div>\n<\/div>\n<\/div>\n<\/div>\n<\/div>\n<p><!--more--><\/p>\n<div class=\"\"><\/div>\n","protected":false},"excerpt":{"rendered":"<p>EN LA EDICI\u00d3N 30.<\/p>\n","protected":false},"author":3,"featured_media":12826,"comment_status":"open","ping_status":"open","sticky":false,"template":"","format":"standard","meta":{"footnotes":"","jetpack_publicize_message":"","jetpack_publicize_feature_enabled":true,"jetpack_social_post_already_shared":false,"jetpack_social_options":{"image_generator_settings":{"template":"highway","default_image_id":0,"font":"","enabled":false},"version":2}},"categories":[16],"tags":[37,892],"class_list":["post-12825","post","type-post","status-publish","format-standard","has-post-thumbnail","hentry","category-municipales","tag-destacada","tag-salon-gualchi"],"jetpack_publicize_connections":[],"jetpack_featured_media_url":"https:\/\/revistaepocadigital.com.ar\/wp-content\/uploads\/2021\/09\/gualchi-salon21.jpg","jetpack_likes_enabled":true,"_links":{"self":[{"href":"https:\/\/revistaepocadigital.com.ar\/index.php?rest_route=\/wp\/v2\/posts\/12825","targetHints":{"allow":["GET"]}}],"collection":[{"href":"https:\/\/revistaepocadigital.com.ar\/index.php?rest_route=\/wp\/v2\/posts"}],"about":[{"href":"https:\/\/revistaepocadigital.com.ar\/index.php?rest_route=\/wp\/v2\/types\/post"}],"author":[{"embeddable":true,"href":"https:\/\/revistaepocadigital.com.ar\/index.php?rest_route=\/wp\/v2\/users\/3"}],"replies":[{"embeddable":true,"href":"https:\/\/revistaepocadigital.com.ar\/index.php?rest_route=%2Fwp%2Fv2%2Fcomments&post=12825"}],"version-history":[{"count":0,"href":"https:\/\/revistaepocadigital.com.ar\/index.php?rest_route=\/wp\/v2\/posts\/12825\/revisions"}],"wp:featuredmedia":[{"embeddable":true,"href":"https:\/\/revistaepocadigital.com.ar\/index.php?rest_route=\/wp\/v2\/media\/12826"}],"wp:attachment":[{"href":"https:\/\/revistaepocadigital.com.ar\/index.php?rest_route=%2Fwp%2Fv2%2Fmedia&parent=12825"}],"wp:term":[{"taxonomy":"category","embeddable":true,"href":"https:\/\/revistaepocadigital.com.ar\/index.php?rest_route=%2Fwp%2Fv2%2Fcategories&post=12825"},{"taxonomy":"post_tag","embeddable":true,"href":"https:\/\/revistaepocadigital.com.ar\/index.php?rest_route=%2Fwp%2Fv2%2Ftags&post=12825"}],"curies":[{"name":"wp","href":"https:\/\/api.w.org\/{rel}","templated":true}]}}