{"id":1283,"date":"2019-01-17T17:41:20","date_gmt":"2019-01-17T20:41:20","guid":{"rendered":"https:\/\/revistaepocadigital.com.ar\/?p=1283"},"modified":"2019-01-17T18:03:15","modified_gmt":"2019-01-17T21:03:15","slug":"desde-el-municipio-tambien-alertan","status":"publish","type":"post","link":"https:\/\/revistaepocadigital.com.ar\/?p=1283","title":{"rendered":"Desde el municipio tambi\u00e9n alertan"},"content":{"rendered":"<p><strong>ES POR LOS CASOS DE HANTAVIRUS.<\/strong><!--more-->Atenci\u00f3n, que otros de los casos conocidos, es el de un paciente de la vecina ciudad de <strong>Z\u00e1rate,<\/strong> recordando que otro de los afectados, es un hombre que permanec\u00eda internado en el hospital de Lomas de Zamora, y hab\u00eda trabajado un mes atr\u00e1s en un tambo en <strong>San Andr\u00e9s de Giles.<\/strong><\/p>\n<p>Precauci\u00f3n!.<\/p>\n<p>&nbsp;<\/p>\n<p><img loading=\"lazy\" decoding=\"async\" class=\"aligncenter size-large wp-image-1285\" src=\"https:\/\/revistaepocadigital.com.ar\/wp-content\/uploads\/2019\/01\/contratapa17012019-674x1024.jpg\" alt=\"\" width=\"674\" height=\"1024\" srcset=\"https:\/\/revistaepocadigital.com.ar\/wp-content\/uploads\/2019\/01\/contratapa17012019-674x1024.jpg 674w, https:\/\/revistaepocadigital.com.ar\/wp-content\/uploads\/2019\/01\/contratapa17012019-198x300.jpg 198w, https:\/\/revistaepocadigital.com.ar\/wp-content\/uploads\/2019\/01\/contratapa17012019-768x1167.jpg 768w, https:\/\/revistaepocadigital.com.ar\/wp-content\/uploads\/2019\/01\/contratapa17012019-696x1057.jpg 696w, https:\/\/revistaepocadigital.com.ar\/wp-content\/uploads\/2019\/01\/contratapa17012019-1068x1622.jpg 1068w, https:\/\/revistaepocadigital.com.ar\/wp-content\/uploads\/2019\/01\/contratapa17012019-277x420.jpg 277w, https:\/\/revistaepocadigital.com.ar\/wp-content\/uploads\/2019\/01\/contratapa17012019-553x840.jpg 553w, https:\/\/revistaepocadigital.com.ar\/wp-content\/uploads\/2019\/01\/contratapa17012019.jpg 1613w\" sizes=\"auto, (max-width: 674px) 100vw, 674px\" \/><\/p>\n","protected":false},"excerpt":{"rendered":"<p>ES POR LOS CASOS DE HANTAVIRUS.<\/p>\n","protected":false},"author":3,"featured_media":1284,"comment_status":"open","ping_status":"open","sticky":false,"template":"","format":"standard","meta":{"footnotes":"","jetpack_publicize_message":"","jetpack_publicize_feature_enabled":true,"jetpack_social_post_already_shared":false,"jetpack_social_options":{"image_generator_settings":{"template":"highway","default_image_id":0,"font":"","enabled":false},"version":2}},"categories":[4,5],"tags":[150],"class_list":["post-1283","post","type-post","status-publish","format-standard","has-post-thumbnail","hentry","category-aqui-los-cardales","category-aqui-parada-robles","tag-hantavirus"],"jetpack_publicize_connections":[],"jetpack_featured_media_url":"https:\/\/revistaepocadigital.com.ar\/wp-content\/uploads\/2019\/01\/hanta-muni19.jpg","jetpack_likes_enabled":true,"_links":{"self":[{"href":"https:\/\/revistaepocadigital.com.ar\/index.php?rest_route=\/wp\/v2\/posts\/1283","targetHints":{"allow":["GET"]}}],"collection":[{"href":"https:\/\/revistaepocadigital.com.ar\/index.php?rest_route=\/wp\/v2\/posts"}],"about":[{"href":"https:\/\/revistaepocadigital.com.ar\/index.php?rest_route=\/wp\/v2\/types\/post"}],"author":[{"embeddable":true,"href":"https:\/\/revistaepocadigital.com.ar\/index.php?rest_route=\/wp\/v2\/users\/3"}],"replies":[{"embeddable":true,"href":"https:\/\/revistaepocadigital.com.ar\/index.php?rest_route=%2Fwp%2Fv2%2Fcomments&post=1283"}],"version-history":[{"count":0,"href":"https:\/\/revistaepocadigital.com.ar\/index.php?rest_route=\/wp\/v2\/posts\/1283\/revisions"}],"wp:featuredmedia":[{"embeddable":true,"href":"https:\/\/revistaepocadigital.com.ar\/index.php?rest_route=\/wp\/v2\/media\/1284"}],"wp:attachment":[{"href":"https:\/\/revistaepocadigital.com.ar\/index.php?rest_route=%2Fwp%2Fv2%2Fmedia&parent=1283"}],"wp:term":[{"taxonomy":"category","embeddable":true,"href":"https:\/\/revistaepocadigital.com.ar\/index.php?rest_route=%2Fwp%2Fv2%2Fcategories&post=1283"},{"taxonomy":"post_tag","embeddable":true,"href":"https:\/\/revistaepocadigital.com.ar\/index.php?rest_route=%2Fwp%2Fv2%2Ftags&post=1283"}],"curies":[{"name":"wp","href":"https:\/\/api.w.org\/{rel}","templated":true}]}}