{"id":12839,"date":"2021-09-28T00:19:54","date_gmt":"2021-09-28T03:19:54","guid":{"rendered":"https:\/\/revistaepocadigital.com.ar\/?p=12839"},"modified":"2021-09-28T00:19:54","modified_gmt":"2021-09-28T03:19:54","slug":"subieron-el-piso-del-impuesto-a-las-ganancias","status":"publish","type":"post","link":"https:\/\/revistaepocadigital.com.ar\/?p=12839","title":{"rendered":"Subieron el piso del impuesto a las ganancias"},"content":{"rendered":"<p><strong>LA MEDIDA DEL GOBIERNO NACIONAL.<\/strong><!--more--><\/p>\n<p>Desde este mes de septiembre los trabajadores que ganen menos de $175.000 no estar\u00e1n alcanzados por el impuesto a las ganancias. Se trat\u00f3 de otras las medidas debido al &#8220;efecto PASO&#8221;, elecciones primarias en las que el gobierno sufri\u00f3 una dur\u00edsima derrota.<\/p>\n<p>La medida increment\u00f3 el piso de $150.000 y el umbral de $173.000 a $175.000 y $203.000, respectivamente, se inform\u00f3 oficialmente. La resoluci\u00f3n clave beneficia a 1,2 millones de asalariados. &#8220;Tambi\u00e9n exime del pago del Sueldo Anual Complementario a los trabajadores, cuya remuneraci\u00f3n promedio del segundo semestre no supere los $175.000&#8221;, completaron.<\/p>\n<p>Seg\u00fan datos del Gobierno, con esta actualizaci\u00f3n, 1.267.000 personas\u00a0 dejaron de pagar el Impuesto a las Ganancias, cuando se aprob\u00f3 la ley en abril, y seguir\u00e1n sin pagar el impuesto. &#8220;De esta manera el aumento de las paritarias no afectar\u00e1 el alivio fiscal impulsado por el Gobierno y solo seguir\u00e1n pagando aproximadamente el 10% de los trabajadores&#8221;, complet\u00f3 la comunicaci\u00f3n oficial.<\/p>\n<p>La medida ven\u00eda en an\u00e1lisis y se esperaba que se anunciara antes de que termine agosto, pero se demor\u00f3. Tras la derrota electoral y tras el cisma interno la definici\u00f3n se difiri\u00f3 hasta este mi\u00e9rcoles.<\/p>\n<p>El Ministerio de Econom\u00eda indic\u00f3 que la medida apunt\u00f3 a:<\/p>\n<p>Fortalecer el poder adquisitivo de los contribuyentes del impuesto y de sus familias y, con ello, la consolidaci\u00f3n de la demanda y del mercado interno.<br \/>\nAsegurar que durante 2021 no aumenten, consecuencia del crecimiento de los salarios nominales, las personas alcanzadas este a\u00f1o por el tributo.<br \/>\n&#8220;La reforma de Ganancias llevada a cabo por el Gobierno nacional es sustentable y progresiva&#8221;, destac\u00f3 Econom\u00eda.<br \/>\nIndic\u00f3 que &#8220;durante la administraci\u00f3n de Juntos por el Cambio se duplicaron los trabajadores y trabajadoras alcanzados por este impuesto&#8221;.<br \/>\nLa Ley busc\u00f3 volver a los niveles anteriores al per\u00edodo 2015-2019, y que 1,3 millones de trabajadores dejen de pagar el tributo, destac\u00f3.<br \/>\nTambi\u00e9n permiti\u00f3, seg\u00fan Econom\u00eda, que s\u00f3lo el 11% de los trabajadores registrados en relaci\u00f3n de dependencia paguen el impuesto.<br \/>\nEl m\u00ednimo no imponible del impuesto, todas las deducciones y las escalas volver\u00e1n a actualizarse a partir del 1 de enero del 2022, en funci\u00f3n de la evoluci\u00f3n de los salarios.<\/p>\n<p>Fuente: Diario Ambito Financiero<\/p>\n<p>&nbsp;<\/p>\n","protected":false},"excerpt":{"rendered":"<p>LA MEDIDA DEL GOBIERNO NACIONAL.<\/p>\n","protected":false},"author":3,"featured_media":12842,"comment_status":"open","ping_status":"open","sticky":false,"template":"","format":"standard","meta":{"footnotes":"","jetpack_publicize_message":"","jetpack_publicize_feature_enabled":true,"jetpack_social_post_already_shared":false,"jetpack_social_options":{"image_generator_settings":{"template":"highway","default_image_id":0,"font":"","enabled":false},"version":2}},"categories":[17],"tags":[1605,1606],"class_list":["post-12839","post","type-post","status-publish","format-standard","has-post-thumbnail","hentry","category-politica","tag-impuesto-a-las-ganancias","tag-minimo"],"jetpack_publicize_connections":[],"jetpack_featured_media_url":"https:\/\/revistaepocadigital.com.ar\/wp-content\/uploads\/2021\/09\/impue.jpg","jetpack_likes_enabled":true,"_links":{"self":[{"href":"https:\/\/revistaepocadigital.com.ar\/index.php?rest_route=\/wp\/v2\/posts\/12839","targetHints":{"allow":["GET"]}}],"collection":[{"href":"https:\/\/revistaepocadigital.com.ar\/index.php?rest_route=\/wp\/v2\/posts"}],"about":[{"href":"https:\/\/revistaepocadigital.com.ar\/index.php?rest_route=\/wp\/v2\/types\/post"}],"author":[{"embeddable":true,"href":"https:\/\/revistaepocadigital.com.ar\/index.php?rest_route=\/wp\/v2\/users\/3"}],"replies":[{"embeddable":true,"href":"https:\/\/revistaepocadigital.com.ar\/index.php?rest_route=%2Fwp%2Fv2%2Fcomments&post=12839"}],"version-history":[{"count":0,"href":"https:\/\/revistaepocadigital.com.ar\/index.php?rest_route=\/wp\/v2\/posts\/12839\/revisions"}],"wp:featuredmedia":[{"embeddable":true,"href":"https:\/\/revistaepocadigital.com.ar\/index.php?rest_route=\/wp\/v2\/media\/12842"}],"wp:attachment":[{"href":"https:\/\/revistaepocadigital.com.ar\/index.php?rest_route=%2Fwp%2Fv2%2Fmedia&parent=12839"}],"wp:term":[{"taxonomy":"category","embeddable":true,"href":"https:\/\/revistaepocadigital.com.ar\/index.php?rest_route=%2Fwp%2Fv2%2Fcategories&post=12839"},{"taxonomy":"post_tag","embeddable":true,"href":"https:\/\/revistaepocadigital.com.ar\/index.php?rest_route=%2Fwp%2Fv2%2Ftags&post=12839"}],"curies":[{"name":"wp","href":"https:\/\/api.w.org\/{rel}","templated":true}]}}