{"id":12844,"date":"2021-09-28T00:39:52","date_gmt":"2021-09-28T03:39:52","guid":{"rendered":"https:\/\/revistaepocadigital.com.ar\/?p=12844"},"modified":"2021-09-28T00:40:15","modified_gmt":"2021-09-28T03:40:15","slug":"mas-buenas-noticias-vuelven-los-hinchas-a-las-canchas-argentinas","status":"publish","type":"post","link":"https:\/\/revistaepocadigital.com.ar\/?p=12844","title":{"rendered":"M\u00e1s &#8220;buenas noticias&#8221;, vuelven los hinchas a las canchas argentinas"},"content":{"rendered":"<div class=\"row\">\n<div class=\"col-12\">\n<section class=\"section-detail-header\" data-td-script-src=\"https:\/\/www.ambito.com\/js-custom\/239\/detail-min-version-1620238303.js\">\n<div class=\"detail-header\">\n<div class=\"detail-header-wrapper\">\n<div class=\"grouper-and-date-wrapper d-flex flex-row align-items-center justify-content-start\"><strong><span class=\"article-theme \">Y ESTE FIN DE SEMANA, NADA MENOS QUE CON EL SUPERCL\u00c1SICO RIVER-BOCA EN EL MONUMENTAL.<!--more--><\/span><\/strong><\/div>\n<h5 class=\"excerpt\">D\u00edas atr\u00e1s, se dio el anuncio de la Ministra de Salud Carla Vizzotti. La vuelta de la gente a los estadios, tiene lugar desde el 1 de octubre.<\/h5>\n<h5 class=\"excerpt\">El p\u00fablico regresa a las canchas con un aforo de hasta el 50 por ciento. De esta manera, los hinchas vuelven a ver a sus equipos tras un a\u00f1o y medio en los que, por la pandemia, han jugado en estadios vac\u00edos.<\/h5>\n<\/div>\n<\/div>\n<\/section>\n<\/div>\n<\/div>\n<div class=\"row\">\n<div class=\"col-12 col-md-12 col-lg-8\">\n<section class=\"detail-body content-protected-false\">\n<div class=\"detail-gallery\">\n<div class=\"gallery lite\">\n<div class=\"itemGallery classid7577646\">\n<div class=\"gallery-slide\">\n<figure class=\"gallery-figure\">\n<div class=\"gallery-nav\"><\/div>\n<\/figure>\n<\/div>\n<\/div>\n<\/div>\n<\/div>\n<\/section>\n<section class=\"detail-body second-paragraph\">\n<section class=\"body-content note-body content-protected-false\"><strong>&#8220;Se habilitan a partir del 1 de octubre los partidos de f\u00fatbol hasta el 50 por ciento de aforo y el trabajo ahora, como se hizo en el piloto con Argentina-Bolivia, ser\u00e1 reunirnos con Seguridad, Deportes, AFA y Liga Profesional en una mesa conjunta para definir los detalles&#8221;<\/strong>, anunci\u00f3\u00a0 <strong>Vizzotti<\/strong>. Una prueba piloto tuvo lugar hace poco cuando la Argentina jug\u00f3 con Bolivia por laas\u00a0<strong>Eliminatorias\u00a0<\/strong>Sudamericanas el 9 de septiembre en la cancha de\u00a0<strong>River\u00a0<\/strong>que finaliz\u00f3 3 a 0 con todos los goles marcados por\u00a0<strong>Lionel Messi<\/strong> . Hubo el 30 por ciento de p\u00fablico en el <strong>Monumental<\/strong>.<\/section>\n<\/section>\n<section class=\"detail-body\">\n<section class=\"body-content note-body content-protected-false\"><strong>&#8220;En ese partido evaluamos el protocolo sanitario con las autoridades de CABA y ahora vamos a reunirnos para definir qu\u00e9 es lo que se va a necesitar y los pasos a seguir en todas las jurisdicciones&#8221;<\/strong>, adelant\u00f3\u00a0<strong>Vizzotti<\/strong>.De esta forma, el\u00a0<strong>Supercl\u00e1sico\u00a0<\/strong>de la fecha 14 entre\u00a0<strong>River\u00a0<\/strong>y\u00a0<strong>Boca<\/strong>, el partido que suele paralizar a medio pa\u00eds, se jugar\u00e1 con hinchas en las tribunas al igual que en el resto de los estadios y en todas las categor\u00edas.\u00a0Se esperar\u00e1n unas<strong>\u00a035.000 personas<\/strong>\u00a0en el estadio\u00a0<strong>Monumental<\/strong>.<\/p>\n<p><strong>&#8220;La pandemia no termin\u00f3 y debemos sostener los cuidados. Gracias al esfuerzo del personal de salud y de los vacunadores estamos avanzando hacia la vuelta a la normalidad&#8221;<\/strong>, a\u00f1adi\u00f3 Juan Mansur, jefe de gabinete. La vuelta de la gente a las canchas, representa otro paso hacia la apertura de actividades cerradas por la pandemia en el marco de una clara mejora en la situaci\u00f3n epidemiol\u00f3gica, y con el transfondo pol\u00edtico vinculado a medidas del gobierno luego de la ca\u00edda contundente en las PASO.<\/p>\n<\/section>\n<\/section>\n<div class=\"detail-themes content-protected-false\">\n<p>Foto portada: gentileza la p\u00e1gina millonaria.<\/p>\n<\/div>\n<\/div>\n<\/div>\n","protected":false},"excerpt":{"rendered":"<p>Y ESTE FIN DE SEMANA, NADA MENOS QUE CON EL SUPERCL\u00c1SICO RIVER-BOCA EN EL MONUMENTAL.<\/p>\n","protected":false},"author":4,"featured_media":12845,"comment_status":"open","ping_status":"open","sticky":false,"template":"","format":"standard","meta":{"footnotes":"","jetpack_publicize_message":"","jetpack_publicize_feature_enabled":true,"jetpack_social_post_already_shared":false,"jetpack_social_options":{"image_generator_settings":{"template":"highway","default_image_id":0,"font":"","enabled":false},"version":2}},"categories":[13],"tags":[752,50,427],"class_list":["post-12844","post","type-post","status-publish","format-standard","has-post-thumbnail","hentry","category-interes-general","tag-covid","tag-futbol","tag-gente"],"jetpack_publicize_connections":[],"jetpack_featured_media_url":"https:\/\/revistaepocadigital.com.ar\/wp-content\/uploads\/2021\/09\/obras_estadio_monumental.jpg_1902800913.jpg","jetpack_likes_enabled":true,"_links":{"self":[{"href":"https:\/\/revistaepocadigital.com.ar\/index.php?rest_route=\/wp\/v2\/posts\/12844","targetHints":{"allow":["GET"]}}],"collection":[{"href":"https:\/\/revistaepocadigital.com.ar\/index.php?rest_route=\/wp\/v2\/posts"}],"about":[{"href":"https:\/\/revistaepocadigital.com.ar\/index.php?rest_route=\/wp\/v2\/types\/post"}],"author":[{"embeddable":true,"href":"https:\/\/revistaepocadigital.com.ar\/index.php?rest_route=\/wp\/v2\/users\/4"}],"replies":[{"embeddable":true,"href":"https:\/\/revistaepocadigital.com.ar\/index.php?rest_route=%2Fwp%2Fv2%2Fcomments&post=12844"}],"version-history":[{"count":0,"href":"https:\/\/revistaepocadigital.com.ar\/index.php?rest_route=\/wp\/v2\/posts\/12844\/revisions"}],"wp:featuredmedia":[{"embeddable":true,"href":"https:\/\/revistaepocadigital.com.ar\/index.php?rest_route=\/wp\/v2\/media\/12845"}],"wp:attachment":[{"href":"https:\/\/revistaepocadigital.com.ar\/index.php?rest_route=%2Fwp%2Fv2%2Fmedia&parent=12844"}],"wp:term":[{"taxonomy":"category","embeddable":true,"href":"https:\/\/revistaepocadigital.com.ar\/index.php?rest_route=%2Fwp%2Fv2%2Fcategories&post=12844"},{"taxonomy":"post_tag","embeddable":true,"href":"https:\/\/revistaepocadigital.com.ar\/index.php?rest_route=%2Fwp%2Fv2%2Ftags&post=12844"}],"curies":[{"name":"wp","href":"https:\/\/api.w.org\/{rel}","templated":true}]}}