{"id":12938,"date":"2021-10-05T01:14:49","date_gmt":"2021-10-05T04:14:49","guid":{"rendered":"https:\/\/revistaepocadigital.com.ar\/?p=12938"},"modified":"2021-10-05T01:15:39","modified_gmt":"2021-10-05T04:15:39","slug":"la-escuela-no-1-vivio-una-celebracion-inolvidable","status":"publish","type":"post","link":"https:\/\/revistaepocadigital.com.ar\/?p=12938","title":{"rendered":"LA ESCUELA N\u00ba 1 VIVI\u00d3 UNA CELEBRACI\u00d3N INOLVIDABLE"},"content":{"rendered":"<div>\n<div class=\"pybr56ya dati1w0a hv4rvrfc n851cfcs btwxx1t3 j83agx80 ll8tlv6m\">\n<div class=\"oi9244e8 do00u71z j83agx80\">\n<div class=\"q676j6op qypqp5cg\"><strong>EL BICENTENARIO DE LA EMBLEM\u00c1TICA ESCUELAA N\u00ba1 BERNARDINO RIVADAVIA, TUVO EL FESTEJO QUE SE MEREC\u00cdA.<\/strong><\/div>\n<\/div>\n<\/div>\n<\/div>\n<p><!--more--><\/p>\n<div><\/div>\n<div>La gran concurrencia concentrada frente a la escuela (3\/10), nucle\u00f3 a autoridades, invitados, directivos y docentes de la escuela, delegaciones de escuelas y colegios, alumnos, exalumnos emocionados y felices, la banda de musica de la Armada Argentina tan ligada al establecimiento, vecinos. Todos.<\/div>\n<div><\/div>\n<div>Un d\u00eda para el recuerdo como deb\u00eda ser. Ac\u00e1 algunos testimonios:<\/div>\n<div><\/div>\n<div>Desde la Escuela:<\/div>\n<div>\n<div class=\"\" dir=\"auto\">\n<div id=\"jsc_c_1h4\" class=\"ecm0bbzt hv4rvrfc e5nlhep0 dati1w0a\" data-ad-comet-preview=\"message\" data-ad-preview=\"message\">\n<div class=\"j83agx80 cbu4d94t ew0dbk1b irj2b8pg\">\n<div class=\"qzhwtbm6 knvmm38d\">\n<div class=\"kvgmc6g5 cxmmr5t8 oygrvhab hcukyx3x c1et5uql ii04i59q\">\n<div dir=\"auto\"><em>\u00a1Muchas, muchas gracias a todas las personas que colaboraron con nosotros ya sea enviando fotos, acerc\u00e1ndose para ver en qu\u00e9 pod\u00edan ayudarnos, viniendo a arreglar la escuela para la fiesta, cont\u00e1ndonos sus testimonios!<\/em><\/div>\n<div dir=\"auto\"><em>Estamos muy felices de tener 200 a\u00f1os. Lo m\u00e1s importante que siempre ha tenido esta escuela son sus maestros y maestras, sus ni\u00f1os y ni\u00f1as, sus trabajadores y auxiliares.<\/em><\/div>\n<div dir=\"auto\"><em>Esperamos que esta escuela cumpla muchos a\u00f1os m\u00e1s y que siga trabajando para que el acceso a la escritura, a la lectura, al conocimiento sea un derecho adquirido para todos y todas.<\/em><\/div>\n<div dir=\"auto\"><em>\u00a1Viva la escuela p\u00fablica, laica, obligatoria y gratuita!<\/em><\/div>\n<\/div>\n<\/div>\n<\/div>\n<\/div>\n<\/div>\n<\/div>\n<div dir=\"auto\"><\/div>\n<div dir=\"auto\">Desde el Municipio:<\/div>\n<div dir=\"auto\"><span class=\"d2edcug0 hpfvmrgz qv66sw1b c1et5uql lr9zc1uh a8c37x1j keod5gw0 nxhoafnm aigsh9s9 d3f4x2em fe6kdd0r mau55g9w c8b282yb iv3no6db jq4qci2q a3bd9o3v b1v8xokw oo9gr5id hzawbc8m\" dir=\"auto\"><em>Festejos por los 200 a\u00f1os de la Escuela N\u00ba 1 &#8220;Bernardino Rivadavia&#8221; con la presencia del intendente Diego Nanni, autoridades educativas y provinciales, los concejales Christian Alonso y Emmanuel Mart\u00ednez, los precandidatos Marcelo Martinez, Gabriela Melogno, Milagros Morales, Ra\u00fal Skolmoski, Claudio Gim\u00e9nez, Cecilia Saione y autoridades municipales<\/em>.<\/span><\/div>\n<div dir=\"auto\"><\/div>\n<div dir=\"auto\">Desde la Secretar\u00eda de Pol\u00edticas Educativas de la municipalidad:<\/div>\n<div dir=\"auto\"><\/div>\n<div dir=\"auto\"><em>3 de octubre: Bicentenario de la Escuela N 1 Bernardino Rivadavia.<\/em><\/div>\n<div dir=\"auto\">\n<div class=\"\" dir=\"auto\">\n<div class=\"\" dir=\"auto\">\n<div class=\"ecm0bbzt hv4rvrfc ihqw7lf3 dati1w0a\" data-ad-comet-preview=\"message\" data-ad-preview=\"message\">\n<div class=\"j83agx80 cbu4d94t ew0dbk1b irj2b8pg\">\n<div class=\"qzhwtbm6 knvmm38d\">\n<div class=\"o9v6fnle cxmmr5t8 oygrvhab hcukyx3x c1et5uql ii04i59q\">\n<div dir=\"auto\"><em>Compartimos algunas im\u00e1genes del festejo por los 200 a\u00f1os de nuestra querida escuela la que naci\u00f3 a la vera gentil de la Ca\u00f1ada de la Cruz y creci\u00f3 con la historia de la Patria.<\/em><\/div>\n<div dir=\"auto\"><em>Muchas gracias a quienes estuvieron presentes en este hermoso festejo y nosotro reconocimiento a quienes lo hicieron posible.<\/em><\/div>\n<div dir=\"auto\"><em>\u00a1Felices 200 Aniversario de la primer escuela p\u00fablica de la campa\u00f1a bonaerense!<\/em><\/div>\n<\/div>\n<\/div>\n<\/div>\n<\/div>\n<\/div>\n<\/div>\n<\/div>\n<div dir=\"auto\"><\/div>\n<div dir=\"auto\">De una mujer conmovida:<\/div>\n<div dir=\"auto\">Carol Mariposa Mamani<\/div>\n<div dir=\"auto\"><\/div>\n<div dir=\"auto\">F<em>elices 200 a\u00f1os a mi hermosa escuela n\u00famero 1 a la que me vio crecer , reir, bailar , estudiar y jugar en cada rinc\u00f3n, agradesco de coraz\u00f3n todo el afecto recibido tras mi paso por la escuela a cada maestra y directivos, a las porteras en especial a la amorosa de piru <a class=\"oajrlxb2 g5ia77u1 qu0x051f esr5mh6w e9989ue4 r7d6kgcz rq0escxv nhd2j8a9 nc684nl6 p7hjln8o kvgmc6g5 cxmmr5t8 oygrvhab hcukyx3x jb3vyjys rz4wbd8a qt6c0cv9 a8nywdso i1ao9s8h esuyzwwr f1sip0of lzcic4wl q66pz984 gpro0wi8 b1v8xokw\" tabindex=\"0\" role=\"link\" href=\"https:\/\/www.facebook.com\/profile.php?id=100008329178679&amp;__cft__[0]=AZUCdoh72tT9NRyEN3hHcrm7TcZD8jpogih-YmMfdlrzEHWbN4og21Yr9Qyn7kyOfc4nD_BBgQVUsu9J76lBobpKX7noLA4cCeGH5aCQy53ZWyEwluBDO_JbCtAglpzATb0UpqcVdE9sDcLd8I2iqRjh&amp;__tn__=-]K-y-R\"><span class=\"nc684nl6\">Pirucha Luccane<\/span><\/a> de ella tengo el m\u00e1s lindo recuerdo siempre apa\u00f1ando nuestras travesuras y guardando ese pancito mi\u00f1on extra<\/em>.<\/div>\n<div dir=\"auto\"><\/div>\n<div dir=\"auto\">De un exalumno muy destacado en la vida<\/div>\n<div dir=\"auto\">Emmanuel Rodr\u00edguez, bailar\u00edn<\/div>\n<div dir=\"auto\"><\/div>\n<div dir=\"auto\"><em>Hice una escapada en el 200 Aniversario de mi Escuela Nro 1 <a class=\"oajrlxb2 g5ia77u1 qu0x051f esr5mh6w e9989ue4 r7d6kgcz rq0escxv nhd2j8a9 nc684nl6 p7hjln8o kvgmc6g5 cxmmr5t8 oygrvhab hcukyx3x jb3vyjys rz4wbd8a qt6c0cv9 a8nywdso i1ao9s8h esuyzwwr f1sip0of lzcic4wl q66pz984 gpro0wi8 b1v8xokw\" tabindex=\"0\" role=\"link\" href=\"https:\/\/www.facebook.com\/profile.php?id=100071218867463&amp;__cft__[0]=AZUFdKO1zNrP3M1WJf2Vs7eQQHmZ3IrXwYm_XY-xoSE8HrpZ0en-dKYFO6T7mj3BeWarbQtcWdmWZC6hoXlOv8rarh6N7jH1eUT31wOraDF0MzkylvL1e3FgjSxfGczMsRso47Y3U6HbbgBDLAG-NV_VAwy_jblPWWDTvkUzPmv-nA&amp;__tn__=-]K-y-R\"><span class=\"nc684nl6\">Bernardino Rivadavia<\/span><\/a> .<\/em><\/div>\n<div dir=\"auto\">\n<div class=\"\" dir=\"auto\">\n<div class=\"\" dir=\"auto\">\n<div class=\"ecm0bbzt hv4rvrfc ihqw7lf3 dati1w0a\" data-ad-comet-preview=\"message\" data-ad-preview=\"message\">\n<div class=\"j83agx80 cbu4d94t ew0dbk1b irj2b8pg\">\n<div class=\"qzhwtbm6 knvmm38d\">\n<div class=\"kvgmc6g5 cxmmr5t8 oygrvhab hcukyx3x c1et5uql ii04i59q\">\n<div dir=\"auto\"><em>Muchas an\u00e9cdotas, recuerdos y reencuentros al volver a sus aulas despu\u00e9s de tantos a\u00f1os.<\/em><\/div>\n<div dir=\"auto\"><em>Gracias escuela por la convocatoria.<\/em><\/div>\n<div dir=\"auto\"><em>Gracias <a class=\"oajrlxb2 g5ia77u1 qu0x051f esr5mh6w e9989ue4 r7d6kgcz rq0escxv nhd2j8a9 nc684nl6 p7hjln8o kvgmc6g5 cxmmr5t8 oygrvhab hcukyx3x jb3vyjys rz4wbd8a qt6c0cv9 a8nywdso i1ao9s8h esuyzwwr f1sip0of lzcic4wl q66pz984 gpro0wi8 b1v8xokw\" tabindex=\"0\" role=\"link\" href=\"https:\/\/www.facebook.com\/manuela.bruno.75?__cft__[0]=AZUFdKO1zNrP3M1WJf2Vs7eQQHmZ3IrXwYm_XY-xoSE8HrpZ0en-dKYFO6T7mj3BeWarbQtcWdmWZC6hoXlOv8rarh6N7jH1eUT31wOraDF0MzkylvL1e3FgjSxfGczMsRso47Y3U6HbbgBDLAG-NV_VAwy_jblPWWDTvkUzPmv-nA&amp;__tn__=-]K-y-R\"><span class=\"nc684nl6\">Manuela Bruno<\/span><\/a> por m\u00e1s de 15 a\u00f1os de amistad y trabajos compartidos.<\/em><\/div>\n<div dir=\"auto\"><em>Y muchas gracias a <a class=\"oajrlxb2 g5ia77u1 qu0x051f esr5mh6w e9989ue4 r7d6kgcz rq0escxv nhd2j8a9 nc684nl6 p7hjln8o kvgmc6g5 cxmmr5t8 oygrvhab hcukyx3x jb3vyjys rz4wbd8a qt6c0cv9 a8nywdso i1ao9s8h esuyzwwr f1sip0of lzcic4wl q66pz984 gpro0wi8 b1v8xokw\" tabindex=\"0\" role=\"link\" href=\"https:\/\/www.facebook.com\/pabloymariela?__cft__[0]=AZUFdKO1zNrP3M1WJf2Vs7eQQHmZ3IrXwYm_XY-xoSE8HrpZ0en-dKYFO6T7mj3BeWarbQtcWdmWZC6hoXlOv8rarh6N7jH1eUT31wOraDF0MzkylvL1e3FgjSxfGczMsRso47Y3U6HbbgBDLAG-NV_VAwy_jblPWWDTvkUzPmv-nA&amp;__tn__=-]K-y-R\"><span class=\"nc684nl6\">Mariela Maldonado<\/span><\/a> y <a class=\"oajrlxb2 g5ia77u1 qu0x051f esr5mh6w e9989ue4 r7d6kgcz rq0escxv nhd2j8a9 nc684nl6 p7hjln8o kvgmc6g5 cxmmr5t8 oygrvhab hcukyx3x jb3vyjys rz4wbd8a qt6c0cv9 a8nywdso i1ao9s8h esuyzwwr f1sip0of lzcic4wl q66pz984 gpro0wi8 b1v8xokw\" tabindex=\"0\" role=\"link\" href=\"https:\/\/www.facebook.com\/pablo.sosa.501?__cft__[0]=AZUFdKO1zNrP3M1WJf2Vs7eQQHmZ3IrXwYm_XY-xoSE8HrpZ0en-dKYFO6T7mj3BeWarbQtcWdmWZC6hoXlOv8rarh6N7jH1eUT31wOraDF0MzkylvL1e3FgjSxfGczMsRso47Y3U6HbbgBDLAG-NV_VAwy_jblPWWDTvkUzPmv-nA&amp;__tn__=-]K-y-R\"><span class=\"nc684nl6\">Pablo Sosa<\/span><\/a> directores de <a class=\"oajrlxb2 g5ia77u1 qu0x051f esr5mh6w e9989ue4 r7d6kgcz rq0escxv nhd2j8a9 nc684nl6 p7hjln8o kvgmc6g5 cxmmr5t8 oygrvhab hcukyx3x jb3vyjys rz4wbd8a qt6c0cv9 a8nywdso i1ao9s8h esuyzwwr f1sip0of lzcic4wl q66pz984 gpro0wi8 b1v8xokw\" tabindex=\"0\" role=\"link\" href=\"https:\/\/www.facebook.com\/TangoLegends\/?__cft__[0]=AZUFdKO1zNrP3M1WJf2Vs7eQQHmZ3IrXwYm_XY-xoSE8HrpZ0en-dKYFO6T7mj3BeWarbQtcWdmWZC6hoXlOv8rarh6N7jH1eUT31wOraDF0MzkylvL1e3FgjSxfGczMsRso47Y3U6HbbgBDLAG-NV_VAwy_jblPWWDTvkUzPmv-nA&amp;__tn__=kK-y-R\"><span class=\"nc684nl6\">Tango Legends<\/span><\/a><\/em><\/div>\n<\/div>\n<\/div>\n<\/div>\n<\/div>\n<\/div>\n<\/div>\n<\/div>\n<div dir=\"auto\"><\/div>\n<div dir=\"auto\">De una exalumna<\/div>\n<div dir=\"auto\">Mar\u00eda Andrea Nu\u00f1ez<\/div>\n<div dir=\"auto\">La Foto con sus compa\u00f1eros de 4\u00ba Grado B de 1978<\/div>\n<div dir=\"auto\"><\/div>\n<div dir=\"auto\">S\u00f3lo unas pocas muestras de las innumerables volcadas en adhesi\u00f3n a los 200 a\u00f1os de la\u00a0 Escuela n\u00ba 1.<\/div>\n<div dir=\"auto\"><\/div>\n<div dir=\"auto\">Y ac\u00e1 algunas im\u00e1genes:<\/div>\n<div dir=\"auto\"><\/div>\n<div dir=\"auto\"><\/div>\n<div dir=\"auto\"><strong><img loading=\"lazy\" decoding=\"async\" class=\"alignleft size-full wp-image-12948\" src=\"https:\/\/revistaepocadigital.com.ar\/wp-content\/uploads\/2021\/10\/esc-1-banda.jpg\" alt=\"\" width=\"960\" height=\"640\" srcset=\"https:\/\/revistaepocadigital.com.ar\/wp-content\/uploads\/2021\/10\/esc-1-banda.jpg 960w, https:\/\/revistaepocadigital.com.ar\/wp-content\/uploads\/2021\/10\/esc-1-banda-300x200.jpg 300w, https:\/\/revistaepocadigital.com.ar\/wp-content\/uploads\/2021\/10\/esc-1-banda-768x512.jpg 768w, https:\/\/revistaepocadigital.com.ar\/wp-content\/uploads\/2021\/10\/esc-1-banda-696x464.jpg 696w, https:\/\/revistaepocadigital.com.ar\/wp-content\/uploads\/2021\/10\/esc-1-banda-630x420.jpg 630w\" sizes=\"auto, (max-width: 960px) 100vw, 960px\" \/><\/strong><\/div>\n<div dir=\"auto\"><\/div>\n<div dir=\"auto\"><\/div>\n<div dir=\"auto\"><\/div>\n<div dir=\"auto\"><img loading=\"lazy\" decoding=\"async\" class=\"alignleft size-full wp-image-12962\" src=\"https:\/\/revistaepocadigital.com.ar\/wp-content\/uploads\/2021\/10\/nanni-esc1.jpg\" alt=\"\" width=\"960\" height=\"640\" srcset=\"https:\/\/revistaepocadigital.com.ar\/wp-content\/uploads\/2021\/10\/nanni-esc1.jpg 960w, https:\/\/revistaepocadigital.com.ar\/wp-content\/uploads\/2021\/10\/nanni-esc1-300x200.jpg 300w, https:\/\/revistaepocadigital.com.ar\/wp-content\/uploads\/2021\/10\/nanni-esc1-768x512.jpg 768w, https:\/\/revistaepocadigital.com.ar\/wp-content\/uploads\/2021\/10\/nanni-esc1-696x464.jpg 696w, https:\/\/revistaepocadigital.com.ar\/wp-content\/uploads\/2021\/10\/nanni-esc1-630x420.jpg 630w\" sizes=\"auto, (max-width: 960px) 100vw, 960px\" \/><\/p>\n<div dir=\"auto\"><\/div>\n<div dir=\"auto\"><\/div>\n<div dir=\"auto\"><\/div>\n<div dir=\"auto\"><\/div>\n<p>&nbsp;<\/p>\n<p><img loading=\"lazy\" decoding=\"async\" class=\"alignleft size-full wp-image-12951\" src=\"https:\/\/revistaepocadigital.com.ar\/wp-content\/uploads\/2021\/10\/esc-1-beszo.jpg\" alt=\"\" width=\"960\" height=\"640\" srcset=\"https:\/\/revistaepocadigital.com.ar\/wp-content\/uploads\/2021\/10\/esc-1-beszo.jpg 960w, https:\/\/revistaepocadigital.com.ar\/wp-content\/uploads\/2021\/10\/esc-1-beszo-300x200.jpg 300w, https:\/\/revistaepocadigital.com.ar\/wp-content\/uploads\/2021\/10\/esc-1-beszo-768x512.jpg 768w, https:\/\/revistaepocadigital.com.ar\/wp-content\/uploads\/2021\/10\/esc-1-beszo-696x464.jpg 696w, https:\/\/revistaepocadigital.com.ar\/wp-content\/uploads\/2021\/10\/esc-1-beszo-630x420.jpg 630w\" sizes=\"auto, (max-width: 960px) 100vw, 960px\" \/><\/p>\n<p><img loading=\"lazy\" decoding=\"async\" class=\"alignleft size-full wp-image-12952\" src=\"https:\/\/revistaepocadigital.com.ar\/wp-content\/uploads\/2021\/10\/esc-1-chicos.jpg\" alt=\"\" width=\"960\" height=\"640\" srcset=\"https:\/\/revistaepocadigital.com.ar\/wp-content\/uploads\/2021\/10\/esc-1-chicos.jpg 960w, https:\/\/revistaepocadigital.com.ar\/wp-content\/uploads\/2021\/10\/esc-1-chicos-300x200.jpg 300w, https:\/\/revistaepocadigital.com.ar\/wp-content\/uploads\/2021\/10\/esc-1-chicos-768x512.jpg 768w, https:\/\/revistaepocadigital.com.ar\/wp-content\/uploads\/2021\/10\/esc-1-chicos-696x464.jpg 696w, https:\/\/revistaepocadigital.com.ar\/wp-content\/uploads\/2021\/10\/esc-1-chicos-630x420.jpg 630w\" sizes=\"auto, (max-width: 960px) 100vw, 960px\" \/><\/p>\n<p><img loading=\"lazy\" decoding=\"async\" class=\"alignleft size-full wp-image-12953\" src=\"https:\/\/revistaepocadigital.com.ar\/wp-content\/uploads\/2021\/10\/esc-1-exal.jpg\" alt=\"\" width=\"960\" height=\"640\" srcset=\"https:\/\/revistaepocadigital.com.ar\/wp-content\/uploads\/2021\/10\/esc-1-exal.jpg 960w, https:\/\/revistaepocadigital.com.ar\/wp-content\/uploads\/2021\/10\/esc-1-exal-300x200.jpg 300w, https:\/\/revistaepocadigital.com.ar\/wp-content\/uploads\/2021\/10\/esc-1-exal-768x512.jpg 768w, https:\/\/revistaepocadigital.com.ar\/wp-content\/uploads\/2021\/10\/esc-1-exal-696x464.jpg 696w, https:\/\/revistaepocadigital.com.ar\/wp-content\/uploads\/2021\/10\/esc-1-exal-630x420.jpg 630w\" sizes=\"auto, (max-width: 960px) 100vw, 960px\" \/><\/p>\n<p><img loading=\"lazy\" decoding=\"async\" class=\"alignleft size-full wp-image-12954\" src=\"https:\/\/revistaepocadigital.com.ar\/wp-content\/uploads\/2021\/10\/esc-1-fotos-recuer.jpg\" alt=\"\" width=\"960\" height=\"640\" srcset=\"https:\/\/revistaepocadigital.com.ar\/wp-content\/uploads\/2021\/10\/esc-1-fotos-recuer.jpg 960w, https:\/\/revistaepocadigital.com.ar\/wp-content\/uploads\/2021\/10\/esc-1-fotos-recuer-300x200.jpg 300w, https:\/\/revistaepocadigital.com.ar\/wp-content\/uploads\/2021\/10\/esc-1-fotos-recuer-768x512.jpg 768w, https:\/\/revistaepocadigital.com.ar\/wp-content\/uploads\/2021\/10\/esc-1-fotos-recuer-696x464.jpg 696w, https:\/\/revistaepocadigital.com.ar\/wp-content\/uploads\/2021\/10\/esc-1-fotos-recuer-630x420.jpg 630w\" sizes=\"auto, (max-width: 960px) 100vw, 960px\" \/><\/p>\n<p><img loading=\"lazy\" decoding=\"async\" class=\"alignleft size-full wp-image-12959\" src=\"https:\/\/revistaepocadigital.com.ar\/wp-content\/uploads\/2021\/10\/emanu.jpg\" alt=\"\" width=\"338\" height=\"600\" srcset=\"https:\/\/revistaepocadigital.com.ar\/wp-content\/uploads\/2021\/10\/emanu.jpg 338w, https:\/\/revistaepocadigital.com.ar\/wp-content\/uploads\/2021\/10\/emanu-169x300.jpg 169w, https:\/\/revistaepocadigital.com.ar\/wp-content\/uploads\/2021\/10\/emanu-237x420.jpg 237w\" sizes=\"auto, (max-width: 338px) 100vw, 338px\" \/><\/p>\n<p><img loading=\"lazy\" decoding=\"async\" class=\"alignleft size-full wp-image-12955\" src=\"https:\/\/revistaepocadigital.com.ar\/wp-content\/uploads\/2021\/10\/esc-1-nanni-fgen.jpg\" alt=\"\" width=\"960\" height=\"640\" srcset=\"https:\/\/revistaepocadigital.com.ar\/wp-content\/uploads\/2021\/10\/esc-1-nanni-fgen.jpg 960w, https:\/\/revistaepocadigital.com.ar\/wp-content\/uploads\/2021\/10\/esc-1-nanni-fgen-300x200.jpg 300w, https:\/\/revistaepocadigital.com.ar\/wp-content\/uploads\/2021\/10\/esc-1-nanni-fgen-768x512.jpg 768w, https:\/\/revistaepocadigital.com.ar\/wp-content\/uploads\/2021\/10\/esc-1-nanni-fgen-696x464.jpg 696w, https:\/\/revistaepocadigital.com.ar\/wp-content\/uploads\/2021\/10\/esc-1-nanni-fgen-630x420.jpg 630w\" sizes=\"auto, (max-width: 960px) 100vw, 960px\" \/><\/p>\n<p>&nbsp;<\/p>\n<p><img loading=\"lazy\" decoding=\"async\" class=\"alignleft size-full wp-image-12957\" src=\"https:\/\/revistaepocadigital.com.ar\/wp-content\/uploads\/2021\/10\/esc-exallu.jpg\" alt=\"\" width=\"960\" height=\"640\" srcset=\"https:\/\/revistaepocadigital.com.ar\/wp-content\/uploads\/2021\/10\/esc-exallu.jpg 960w, https:\/\/revistaepocadigital.com.ar\/wp-content\/uploads\/2021\/10\/esc-exallu-300x200.jpg 300w, https:\/\/revistaepocadigital.com.ar\/wp-content\/uploads\/2021\/10\/esc-exallu-768x512.jpg 768w, https:\/\/revistaepocadigital.com.ar\/wp-content\/uploads\/2021\/10\/esc-exallu-696x464.jpg 696w, https:\/\/revistaepocadigital.com.ar\/wp-content\/uploads\/2021\/10\/esc-exallu-630x420.jpg 630w\" sizes=\"auto, (max-width: 960px) 100vw, 960px\" \/><\/p>\n<p><img loading=\"lazy\" decoding=\"async\" class=\"alignleft size-full wp-image-12961\" src=\"https:\/\/revistaepocadigital.com.ar\/wp-content\/uploads\/2021\/10\/esc-1-placas-1.jpg\" alt=\"\" width=\"960\" height=\"640\" srcset=\"https:\/\/revistaepocadigital.com.ar\/wp-content\/uploads\/2021\/10\/esc-1-placas-1.jpg 960w, https:\/\/revistaepocadigital.com.ar\/wp-content\/uploads\/2021\/10\/esc-1-placas-1-300x200.jpg 300w, https:\/\/revistaepocadigital.com.ar\/wp-content\/uploads\/2021\/10\/esc-1-placas-1-768x512.jpg 768w, https:\/\/revistaepocadigital.com.ar\/wp-content\/uploads\/2021\/10\/esc-1-placas-1-696x464.jpg 696w, https:\/\/revistaepocadigital.com.ar\/wp-content\/uploads\/2021\/10\/esc-1-placas-1-630x420.jpg 630w\" sizes=\"auto, (max-width: 960px) 100vw, 960px\" \/><\/p>\n<p><img loading=\"lazy\" decoding=\"async\" class=\"alignleft size-full wp-image-12963\" src=\"https:\/\/revistaepocadigital.com.ar\/wp-content\/uploads\/2021\/10\/maria-ande-nunez.jpg\" alt=\"\" width=\"829\" height=\"540\" srcset=\"https:\/\/revistaepocadigital.com.ar\/wp-content\/uploads\/2021\/10\/maria-ande-nunez.jpg 829w, https:\/\/revistaepocadigital.com.ar\/wp-content\/uploads\/2021\/10\/maria-ande-nunez-300x195.jpg 300w, https:\/\/revistaepocadigital.com.ar\/wp-content\/uploads\/2021\/10\/maria-ande-nunez-768x500.jpg 768w, https:\/\/revistaepocadigital.com.ar\/wp-content\/uploads\/2021\/10\/maria-ande-nunez-696x453.jpg 696w, https:\/\/revistaepocadigital.com.ar\/wp-content\/uploads\/2021\/10\/maria-ande-nunez-645x420.jpg 645w\" sizes=\"auto, (max-width: 829px) 100vw, 829px\" \/><\/p>\n<\/div>\n","protected":false},"excerpt":{"rendered":"<p>EL BICENTENARIO DE LA EMBLEM\u00c1TICA ESCUELAA N\u00ba1 BERNARDINO RIVADAVIA, TUVO EL FESTEJO QUE SE MEREC\u00cdA.<\/p>\n","protected":false},"author":4,"featured_media":12964,"comment_status":"open","ping_status":"open","sticky":false,"template":"","format":"standard","meta":{"footnotes":"","jetpack_publicize_message":"","jetpack_publicize_feature_enabled":true,"jetpack_social_post_already_shared":false,"jetpack_social_options":{"image_generator_settings":{"template":"highway","default_image_id":0,"font":"","enabled":false},"version":2}},"categories":[13],"tags":[1616,1613],"class_list":["post-12938","post","type-post","status-publish","format-standard","has-post-thumbnail","hentry","category-interes-general","tag-200-anos","tag-escuela-1"],"jetpack_publicize_connections":[],"jetpack_featured_media_url":"https:\/\/revistaepocadigital.com.ar\/wp-content\/uploads\/2021\/10\/besso.jpg","jetpack_likes_enabled":true,"_links":{"self":[{"href":"https:\/\/revistaepocadigital.com.ar\/index.php?rest_route=\/wp\/v2\/posts\/12938","targetHints":{"allow":["GET"]}}],"collection":[{"href":"https:\/\/revistaepocadigital.com.ar\/index.php?rest_route=\/wp\/v2\/posts"}],"about":[{"href":"https:\/\/revistaepocadigital.com.ar\/index.php?rest_route=\/wp\/v2\/types\/post"}],"author":[{"embeddable":true,"href":"https:\/\/revistaepocadigital.com.ar\/index.php?rest_route=\/wp\/v2\/users\/4"}],"replies":[{"embeddable":true,"href":"https:\/\/revistaepocadigital.com.ar\/index.php?rest_route=%2Fwp%2Fv2%2Fcomments&post=12938"}],"version-history":[{"count":0,"href":"https:\/\/revistaepocadigital.com.ar\/index.php?rest_route=\/wp\/v2\/posts\/12938\/revisions"}],"wp:featuredmedia":[{"embeddable":true,"href":"https:\/\/revistaepocadigital.com.ar\/index.php?rest_route=\/wp\/v2\/media\/12964"}],"wp:attachment":[{"href":"https:\/\/revistaepocadigital.com.ar\/index.php?rest_route=%2Fwp%2Fv2%2Fmedia&parent=12938"}],"wp:term":[{"taxonomy":"category","embeddable":true,"href":"https:\/\/revistaepocadigital.com.ar\/index.php?rest_route=%2Fwp%2Fv2%2Fcategories&post=12938"},{"taxonomy":"post_tag","embeddable":true,"href":"https:\/\/revistaepocadigital.com.ar\/index.php?rest_route=%2Fwp%2Fv2%2Ftags&post=12938"}],"curies":[{"name":"wp","href":"https:\/\/api.w.org\/{rel}","templated":true}]}}