{"id":13004,"date":"2021-10-08T01:39:13","date_gmt":"2021-10-08T04:39:13","guid":{"rendered":"https:\/\/revistaepocadigital.com.ar\/?p=13004"},"modified":"2021-10-08T01:39:13","modified_gmt":"2021-10-08T04:39:13","slug":"exaltacrucenses-clasificados-a-la-final-provincia-de-los-bonaerenses-2021","status":"publish","type":"post","link":"https:\/\/revistaepocadigital.com.ar\/?p=13004","title":{"rendered":"Exaltacrucenses clasificados a la Final Provincia de los Bonaerenses 2021"},"content":{"rendered":"<div><strong>LOS TORNEOS BONAERENSES, A CUYAS FINALES QUIEREN LLEGAR TODOS.<\/strong><\/div>\n<p><!--more--><\/p>\n<div><\/div>\n<div>Exaltaci\u00f3n de la Cruz, como en tantas ediciones pasadas a lo largo de los a\u00f1os, participa en los Juegos Bonaerenses que re\u00fanen a jovenes de toda la provincia de Buenos Aires.<\/div>\n<div><\/div>\n<div>Han culminado fases clasificatorias, y de acuerdo a lo informado por el Director de Deportes de la municipalidad, Fernando Lodeiro, se han clasificado para la Final Provincia de los Bonaerenses<\/div>\n<div><\/div>\n<div>Futbol 5 Femenino Sub 18 Libre<\/div>\n<div>SILLS MAIA<\/div>\n<div>GALEANO MARTINA<\/div>\n<div>GONZALEZ AGUSTINA<\/div>\n<div>MORERIA PALOMA<\/div>\n<div>MOLINA LUNA<\/div>\n<div>BARRETO MILAGROS<\/div>\n<div>MARTINEZ MILAGROS<\/div>\n<div>FRANCO MIA<\/div>\n<div>FERNANDEZ ABIGAIL<\/div>\n<div><\/div>\n<div>DT: Gonz\u00e1lez Adri\u00e1n<\/div>\n<div><\/div>\n<div>Futbol Tenis Mixto Sub 18 Libre<\/div>\n<div>BRAGGIO ALEXANDRA<\/div>\n<div>BRAGGIO LAUTARO<\/div>\n<div><\/div>\n<div>DT: Gonz\u00e1lez Adri\u00e1n<\/div>\n<div><\/div>\n<div><\/div>\n<div><\/div>\n<div><\/div>\n<div>Futbol Tenis Femenino Universitario Libre<\/div>\n<div>CORONEL LETICIA CLARIBEL<\/div>\n<div>AMARILLA GONZALEZ VIVIANA MARICEL<\/div>\n<div><\/div>\n<div>DT: Fernando Lodeiro<\/div>\n<div><\/div>\n<div><\/div>\n<div>Luego coment\u00f3 Lodeiro, &#8220;la final provincial en esta edici\u00f3n se desarrolla en dos partes para los deportes Selecci\u00f3n. Exaltaci\u00f3n de la Cruz clasific\u00f3 en Futbol 5 femenino sub 18 libre. Este\u00a0 equipo deber\u00e1 disputar una instancia de la Etapa Semifinal, que forma parte de la Final Provincial&#8221;.<\/div>\n<div><\/div>\n<div>&#8220;Por lo que los participantes -acot\u00f3 Lodeiro- no pueden tomar parte de m\u00e1s de una competencia, incluidas las disciplinas presenciales&#8221;<\/div>\n<div><\/div>\n<div>Para la organizaci\u00f3n de esta fase, se llevaban a cabo reuniones entre el d\u00eda 7 y 12 de octubre. En dicha oportunidad se fijaban fechas y sedes de la competencia de dicha etapa, la que deb\u00eda disputarse entre el 18 y 22 de octubre.<\/div>\n<div><\/div>\n<div>LA FINAL PROVINCIAL<\/div>\n<p>Se desarrollar\u00e1 \u00edntegramente en la ciudad de Mar del Plata como es tradicional, entre los d\u00edas 5 y 9 de noviembre pr\u00f3ximo.<\/p>\n","protected":false},"excerpt":{"rendered":"<p>LOS TORNEOS BONAERENSES, A CUYAS FINALES QUIEREN LLEGAR TODOS.<\/p>\n","protected":false},"author":4,"featured_media":13006,"comment_status":"open","ping_status":"open","sticky":false,"template":"","format":"standard","meta":{"footnotes":"","jetpack_publicize_message":"","jetpack_publicize_feature_enabled":true,"jetpack_social_post_already_shared":false,"jetpack_social_options":{"image_generator_settings":{"template":"highway","default_image_id":0,"font":"","enabled":false},"version":2}},"categories":[13],"tags":[1623,1142],"class_list":["post-13004","post","type-post","status-publish","format-standard","has-post-thumbnail","hentry","category-interes-general","tag-bonaerense-2021","tag-lodeiro"],"jetpack_publicize_connections":[],"jetpack_featured_media_url":"https:\/\/revistaepocadigital.com.ar\/wp-content\/uploads\/2021\/10\/JAM-018.jpg","jetpack_likes_enabled":true,"_links":{"self":[{"href":"https:\/\/revistaepocadigital.com.ar\/index.php?rest_route=\/wp\/v2\/posts\/13004","targetHints":{"allow":["GET"]}}],"collection":[{"href":"https:\/\/revistaepocadigital.com.ar\/index.php?rest_route=\/wp\/v2\/posts"}],"about":[{"href":"https:\/\/revistaepocadigital.com.ar\/index.php?rest_route=\/wp\/v2\/types\/post"}],"author":[{"embeddable":true,"href":"https:\/\/revistaepocadigital.com.ar\/index.php?rest_route=\/wp\/v2\/users\/4"}],"replies":[{"embeddable":true,"href":"https:\/\/revistaepocadigital.com.ar\/index.php?rest_route=%2Fwp%2Fv2%2Fcomments&post=13004"}],"version-history":[{"count":0,"href":"https:\/\/revistaepocadigital.com.ar\/index.php?rest_route=\/wp\/v2\/posts\/13004\/revisions"}],"wp:featuredmedia":[{"embeddable":true,"href":"https:\/\/revistaepocadigital.com.ar\/index.php?rest_route=\/wp\/v2\/media\/13006"}],"wp:attachment":[{"href":"https:\/\/revistaepocadigital.com.ar\/index.php?rest_route=%2Fwp%2Fv2%2Fmedia&parent=13004"}],"wp:term":[{"taxonomy":"category","embeddable":true,"href":"https:\/\/revistaepocadigital.com.ar\/index.php?rest_route=%2Fwp%2Fv2%2Fcategories&post=13004"},{"taxonomy":"post_tag","embeddable":true,"href":"https:\/\/revistaepocadigital.com.ar\/index.php?rest_route=%2Fwp%2Fv2%2Ftags&post=13004"}],"curies":[{"name":"wp","href":"https:\/\/api.w.org\/{rel}","templated":true}]}}