{"id":13012,"date":"2021-10-08T17:22:46","date_gmt":"2021-10-08T20:22:46","guid":{"rendered":"https:\/\/revistaepocadigital.com.ar\/?p=13012"},"modified":"2021-10-08T17:39:06","modified_gmt":"2021-10-08T20:39:06","slug":"alicia-susana-su-musica-y-calidez-humana-no-van-a-olvidarse","status":"publish","type":"post","link":"https:\/\/revistaepocadigital.com.ar\/?p=13012","title":{"rendered":"Alicia Susana, su m\u00fasica y calidez humana no van a olvidarse"},"content":{"rendered":"<div class=\"\" dir=\"auto\">\n<div class=\"\" dir=\"auto\">\n<div class=\"ecm0bbzt hv4rvrfc ihqw7lf3 dati1w0a\" data-ad-comet-preview=\"message\" data-ad-preview=\"message\">\n<div class=\"j83agx80 cbu4d94t ew0dbk1b irj2b8pg\">\n<div class=\"qzhwtbm6 knvmm38d\">\n<div class=\"kvgmc6g5 cxmmr5t8 oygrvhab hcukyx3x c1et5uql ii04i59q\">\n<div dir=\"auto\"><strong>INNUMERABLES.<!--more--><\/strong><\/div>\n<div dir=\"auto\"><\/div>\n<div dir=\"auto\">Las muestras de pesar y hondo dolor, ante el fallecimiento de<strong>\u00a0Alicia Susana G\u00f3mez , de La Sonora Viajera,<\/strong> quien estuvo internada varios d\u00edas en un centro asistencial vecino. Una mujer, nativa de Open Door, partido de Luj\u00e1n, junto a su familia quien supo con su m\u00fasica y su calidad humana, cosechar tant\u00edsimos amigos que ante lo irreversible, han reflejado el duro golpe emocional sufrido, como se pudo ver en cientos de mensajes y condolencias volcados en las redes sociales.<\/div>\n<div dir=\"auto\"><\/div>\n<div dir=\"auto\">El mismo intendente Diego Nanni mostr\u00f3 sus sensaciones ante la muerte de Alicia, &#8220;con su m\u00fasica nos hizo bailar y divertir durante much\u00edsimos a\u00f1os. Saludo a su familia, amigos y seres queridos en este momento de dolor&#8221;, mencion\u00f3 en su cuenta de Facebook.<\/div>\n<\/div>\n<\/div>\n<\/div>\n<\/div>\n<\/div>\n<\/div>\n<div dir=\"auto\"><\/div>\n<div dir=\"auto\"><\/div>\n<div dir=\"auto\"><img loading=\"lazy\" decoding=\"async\" class=\"aligncenter size-medium wp-image-13019\" src=\"https:\/\/revistaepocadigital.com.ar\/wp-content\/uploads\/2021\/10\/safe_image.php_-300x157.jpg\" alt=\"\" width=\"300\" height=\"157\" srcset=\"https:\/\/revistaepocadigital.com.ar\/wp-content\/uploads\/2021\/10\/safe_image.php_-300x157.jpg 300w, https:\/\/revistaepocadigital.com.ar\/wp-content\/uploads\/2021\/10\/safe_image.php_.jpg 500w\" sizes=\"auto, (max-width: 300px) 100vw, 300px\" \/><\/div>\n<div dir=\"auto\"><\/div>\n<div dir=\"auto\"><\/div>\n<div class=\"\" dir=\"auto\">\n<div class=\"\" dir=\"auto\">\n<div class=\"ecm0bbzt hv4rvrfc ihqw7lf3 dati1w0a\" data-ad-comet-preview=\"message\" data-ad-preview=\"message\">\n<div class=\"j83agx80 cbu4d94t ew0dbk1b irj2b8pg\">\n<div class=\"qzhwtbm6 knvmm38d\">\n<div class=\"kvgmc6g5 cxmmr5t8 oygrvhab hcukyx3x c1et5uql ii04i59q\">\n<div dir=\"auto\">La mujer, residente en Open Door, partido de Luj\u00e1n, era una estupenda exponente de la m\u00fasica, habiendo recorrido muchos lugares, y siendo en m\u00e1s de una vez, particip\u00f3 de los espect\u00e1culos organizados con motivo de los festejos patronales de nuestro distrito, adem\u00e1s de otros eventos como M\u00fasica bajo las estrellas organizado por el municipio, pe\u00f1as, fiestas privadas, otros acontedimientos, los carnavales; siempre con la mejor onda.<\/div>\n<div dir=\"auto\">\n<div dir=\"auto\"><\/div>\n<\/div>\n<div dir=\"auto\">\n<p>Nada m\u00e1s elocuente para demostrar\u00a0 el cari\u00f1o que supo despertar Alicia, que lo expresado por Marcela Gonz\u00e1lez, vecina de Cardales, muy triste por el fallecimiento de su admirada amiga Alicia, quien traz\u00f3 con sentidas palabras una semblanza.<em> &#8220;Ella era muy querida, en Luj\u00e1n, Open Door, Capilla, y otros sitios, sab\u00eda estear en muchos lugares cantando. Adem\u00e1s, si la invitaban, all\u00ed estaba, supo cantar a veces con su hija y nieta pero en actuaciones, lo hac\u00eda con su hijo que es profesor de m\u00fasica&#8221;.<\/em><\/p>\n<p><iframe loading=\"lazy\" title=\"20150206_011737.mp4\" width=\"696\" height=\"392\" src=\"https:\/\/www.youtube.com\/embed\/tX0fhYvMxyI?feature=oembed\" frameborder=\"0\" allow=\"accelerometer; autoplay; clipboard-write; encrypted-media; gyroscope; picture-in-picture\" allowfullscreen><\/iframe><\/p>\n<div dir=\"auto\"><em>&#8220;\u00bfQue cantaba?, de todo<\/em> -cont\u00f3 Marcela, la vecina cardalense-; c<em>umbia de la de antes, temas de Los Palmeras, de Marco Antonio Sol\u00eds, versiones de otros temas, tango!, chamam\u00e9. Era una persona muy especial, muy querible, muy linda de coraz\u00f3n, y re-amigable. Te invitaba a su casa, le encantaba charlar, por suerte tuve una peque\u00f1a amistad pero fue hermosa, la verdad como muchos, estoy muy triste.<\/em><\/div>\n<div dir=\"auto\"><\/div>\n<div dir=\"auto\">Sin dudas, una pena compartida por muchos.<\/div>\n<div dir=\"auto\"><\/div>\n<\/div>\n<\/div>\n<\/div>\n<\/div>\n<\/div>\n<\/div>\n<\/div>\n","protected":false},"excerpt":{"rendered":"<p>INNUMERABLES.<\/p>\n","protected":false},"author":4,"featured_media":13013,"comment_status":"open","ping_status":"open","sticky":false,"template":"","format":"standard","meta":{"footnotes":"","jetpack_publicize_message":"","jetpack_publicize_feature_enabled":true,"jetpack_social_post_already_shared":false,"jetpack_social_options":{"image_generator_settings":{"template":"highway","default_image_id":0,"font":"","enabled":false},"version":2}},"categories":[13],"tags":[1624,405,1625],"class_list":["post-13012","post","type-post","status-publish","format-standard","has-post-thumbnail","hentry","category-interes-general","tag-alicia","tag-fallecimiento","tag-sonora-viajera"],"jetpack_publicize_connections":[],"jetpack_featured_media_url":"https:\/\/revistaepocadigital.com.ar\/wp-content\/uploads\/2021\/10\/SONORA.jpg","jetpack_likes_enabled":true,"_links":{"self":[{"href":"https:\/\/revistaepocadigital.com.ar\/index.php?rest_route=\/wp\/v2\/posts\/13012","targetHints":{"allow":["GET"]}}],"collection":[{"href":"https:\/\/revistaepocadigital.com.ar\/index.php?rest_route=\/wp\/v2\/posts"}],"about":[{"href":"https:\/\/revistaepocadigital.com.ar\/index.php?rest_route=\/wp\/v2\/types\/post"}],"author":[{"embeddable":true,"href":"https:\/\/revistaepocadigital.com.ar\/index.php?rest_route=\/wp\/v2\/users\/4"}],"replies":[{"embeddable":true,"href":"https:\/\/revistaepocadigital.com.ar\/index.php?rest_route=%2Fwp%2Fv2%2Fcomments&post=13012"}],"version-history":[{"count":0,"href":"https:\/\/revistaepocadigital.com.ar\/index.php?rest_route=\/wp\/v2\/posts\/13012\/revisions"}],"wp:featuredmedia":[{"embeddable":true,"href":"https:\/\/revistaepocadigital.com.ar\/index.php?rest_route=\/wp\/v2\/media\/13013"}],"wp:attachment":[{"href":"https:\/\/revistaepocadigital.com.ar\/index.php?rest_route=%2Fwp%2Fv2%2Fmedia&parent=13012"}],"wp:term":[{"taxonomy":"category","embeddable":true,"href":"https:\/\/revistaepocadigital.com.ar\/index.php?rest_route=%2Fwp%2Fv2%2Fcategories&post=13012"},{"taxonomy":"post_tag","embeddable":true,"href":"https:\/\/revistaepocadigital.com.ar\/index.php?rest_route=%2Fwp%2Fv2%2Ftags&post=13012"}],"curies":[{"name":"wp","href":"https:\/\/api.w.org\/{rel}","templated":true}]}}