{"id":13078,"date":"2021-10-13T00:21:17","date_gmt":"2021-10-13T03:21:17","guid":{"rendered":"https:\/\/revistaepocadigital.com.ar\/?p=13078"},"modified":"2021-10-13T00:47:40","modified_gmt":"2021-10-13T03:47:40","slug":"escrituras-para-vecinos","status":"publish","type":"post","link":"https:\/\/revistaepocadigital.com.ar\/?p=13078","title":{"rendered":"Escrituras para vecinos"},"content":{"rendered":"<p><strong>FUERON ENTREGADAS A 211 VECINOS.<\/strong><!--more--><\/p>\n<p>El acto tuvo lugar en el Sal\u00f3n Roma de Capilla del Se\u00f1or, colmado de gente entre \u00e1vida, ansiosa y emocinada. Matrimonios, padres con hijos, parejas, de distintos barrios de Capilla del Se\u00f1or, Cardales y otros puntos del distrito, concurrieron convocados por la Municipalidad para recibir las respectivas escrituras de sus casas, un gran anhelo.<\/p>\n<p><img loading=\"lazy\" decoding=\"async\" class=\"alignleft size-medium wp-image-13090\" src=\"https:\/\/revistaepocadigital.com.ar\/wp-content\/uploads\/2021\/10\/242893812_560264991904564_7694351520257332257_n-225x300.jpg\" alt=\"\" width=\"225\" height=\"300\" srcset=\"https:\/\/revistaepocadigital.com.ar\/wp-content\/uploads\/2021\/10\/242893812_560264991904564_7694351520257332257_n-225x300.jpg 225w, https:\/\/revistaepocadigital.com.ar\/wp-content\/uploads\/2021\/10\/242893812_560264991904564_7694351520257332257_n-900x1200.jpg 900w, https:\/\/revistaepocadigital.com.ar\/wp-content\/uploads\/2021\/10\/242893812_560264991904564_7694351520257332257_n-768x1024.jpg 768w, https:\/\/revistaepocadigital.com.ar\/wp-content\/uploads\/2021\/10\/242893812_560264991904564_7694351520257332257_n-1152x1536.jpg 1152w, https:\/\/revistaepocadigital.com.ar\/wp-content\/uploads\/2021\/10\/242893812_560264991904564_7694351520257332257_n-696x928.jpg 696w, https:\/\/revistaepocadigital.com.ar\/wp-content\/uploads\/2021\/10\/242893812_560264991904564_7694351520257332257_n-1068x1424.jpg 1068w, https:\/\/revistaepocadigital.com.ar\/wp-content\/uploads\/2021\/10\/242893812_560264991904564_7694351520257332257_n-315x420.jpg 315w, https:\/\/revistaepocadigital.com.ar\/wp-content\/uploads\/2021\/10\/242893812_560264991904564_7694351520257332257_n-630x840.jpg 630w, https:\/\/revistaepocadigital.com.ar\/wp-content\/uploads\/2021\/10\/242893812_560264991904564_7694351520257332257_n.jpg 1242w\" sizes=\"auto, (max-width: 225px) 100vw, 225px\" \/><\/p>\n<p>&nbsp;<\/p>\n<p>El intendente Nanni y los escribanos provinciales Lucio Pelitti y Leandro Morgante, hicieron entrega (12\/10) de 211 escrituras a familias exaltacrucenses. Los t\u00edtulos de propiedad se gestionaron a trav\u00e9s de la Municipalidad con la Escriban\u00eda General de Gobierno de la Provincia de Buenos Aires. Entre otros tambi\u00e9n estuvieron, la secretaria de coordiaci\u00f3n, Mar\u00eda Luz Bozzani; la secretaria de salud Guadalupe Bravo; Vanesa Russo, secretaria de pol\u00edticas educativas, las candidatas a concejales (Frente de Todos), Andrea Luna Busquets y Marisa Rodr\u00edguez; el secretario de gobierno Azzalini.<\/p>\n<p><img loading=\"lazy\" decoding=\"async\" class=\"alignleft size-full wp-image-13089\" src=\"https:\/\/revistaepocadigital.com.ar\/wp-content\/uploads\/2021\/10\/243055450_1222482804918196_7164616792909149654_n.jpg\" alt=\"\" width=\"275\" height=\"206\" srcset=\"https:\/\/revistaepocadigital.com.ar\/wp-content\/uploads\/2021\/10\/243055450_1222482804918196_7164616792909149654_n.jpg 275w, https:\/\/revistaepocadigital.com.ar\/wp-content\/uploads\/2021\/10\/243055450_1222482804918196_7164616792909149654_n-80x60.jpg 80w, https:\/\/revistaepocadigital.com.ar\/wp-content\/uploads\/2021\/10\/243055450_1222482804918196_7164616792909149654_n-160x120.jpg 160w, https:\/\/revistaepocadigital.com.ar\/wp-content\/uploads\/2021\/10\/243055450_1222482804918196_7164616792909149654_n-265x198.jpg 265w\" sizes=\"auto, (max-width: 275px) 100vw, 275px\" \/><\/p>\n<p>&#8220;<em>Vamos a seguir trabajando, como lo venimos haciendo, para ampliar el acceso a lotes y viviendas a m\u00e1s familias de Exaltaci\u00f3n de la Cruz<\/em>&#8220;, expres\u00f3 Nanni. Estaba previsto que en un link de acceso p\u00fablico, las familias podr\u00e1n descargar su foto con la participaci\u00f3n en el acto.<\/p>\n<p><em>&#8220;Estoy muy contenta y agradecida a Diego Nanni; lleg\u00f3 el d\u00eda que esper\u00e9 tanto. En los tiempos de Duhalde como presidente a vecinos nos entregaron lotes y luego se construyeron las vviviendas por las que debemos pagar cuotas al municipio, en el a\u00f1o 2019 desde la municipalida<\/em>d nos llamaron para firmar documentaci\u00f3n p<em>ara avanzar con la escrituraci\u00f3n y ahora sali\u00f3 y me siento muy feliz y agradecida<\/em>&#8220;, coment\u00f3 a EPOCA, Elsa Albornoz, vecina cardalense del Barrio Solidaridad, madre de Cristian (23) y Candela (17). Yolanda Ripari y su esposo Manuel Gauta, fueron otros vecinos -tambien del Barrio Solidaridad en sus casos- que recibieron sus escrituras. <em>&#8220;En el \u00b498 nos casamos y nos regalaron el lote, luego por gestion del municipio, nos entregaron la casa y hace un par de a\u00f1os avanzaron con las escrituras<\/em>&#8220;, coment\u00f3 Yolanda.<\/p>\n<p>,<\/p>\n","protected":false},"excerpt":{"rendered":"<p>FUERON ENTREGADAS A 211 VECINOS.<\/p>\n","protected":false},"author":4,"featured_media":13088,"comment_status":"open","ping_status":"open","sticky":false,"template":"","format":"standard","meta":{"footnotes":"","jetpack_publicize_message":"","jetpack_publicize_feature_enabled":true,"jetpack_social_post_already_shared":false,"jetpack_social_options":{"image_generator_settings":{"template":"highway","default_image_id":0,"font":"","enabled":false},"version":2}},"categories":[13],"tags":[],"class_list":["post-13078","post","type-post","status-publish","format-standard","has-post-thumbnail","hentry","category-interes-general"],"jetpack_publicize_connections":[],"jetpack_featured_media_url":"https:\/\/revistaepocadigital.com.ar\/wp-content\/uploads\/2021\/10\/NANNI-ALBOR.jpg","jetpack_likes_enabled":true,"_links":{"self":[{"href":"https:\/\/revistaepocadigital.com.ar\/index.php?rest_route=\/wp\/v2\/posts\/13078","targetHints":{"allow":["GET"]}}],"collection":[{"href":"https:\/\/revistaepocadigital.com.ar\/index.php?rest_route=\/wp\/v2\/posts"}],"about":[{"href":"https:\/\/revistaepocadigital.com.ar\/index.php?rest_route=\/wp\/v2\/types\/post"}],"author":[{"embeddable":true,"href":"https:\/\/revistaepocadigital.com.ar\/index.php?rest_route=\/wp\/v2\/users\/4"}],"replies":[{"embeddable":true,"href":"https:\/\/revistaepocadigital.com.ar\/index.php?rest_route=%2Fwp%2Fv2%2Fcomments&post=13078"}],"version-history":[{"count":0,"href":"https:\/\/revistaepocadigital.com.ar\/index.php?rest_route=\/wp\/v2\/posts\/13078\/revisions"}],"wp:featuredmedia":[{"embeddable":true,"href":"https:\/\/revistaepocadigital.com.ar\/index.php?rest_route=\/wp\/v2\/media\/13088"}],"wp:attachment":[{"href":"https:\/\/revistaepocadigital.com.ar\/index.php?rest_route=%2Fwp%2Fv2%2Fmedia&parent=13078"}],"wp:term":[{"taxonomy":"category","embeddable":true,"href":"https:\/\/revistaepocadigital.com.ar\/index.php?rest_route=%2Fwp%2Fv2%2Fcategories&post=13078"},{"taxonomy":"post_tag","embeddable":true,"href":"https:\/\/revistaepocadigital.com.ar\/index.php?rest_route=%2Fwp%2Fv2%2Ftags&post=13078"}],"curies":[{"name":"wp","href":"https:\/\/api.w.org\/{rel}","templated":true}]}}