{"id":13103,"date":"2021-10-13T14:36:17","date_gmt":"2021-10-13T17:36:17","guid":{"rendered":"https:\/\/revistaepocadigital.com.ar\/?p=13103"},"modified":"2021-10-13T14:36:17","modified_gmt":"2021-10-13T17:36:17","slug":"como-duele-esta-argentina-del-miedo-de-la-inseguridad","status":"publish","type":"post","link":"https:\/\/revistaepocadigital.com.ar\/?p=13103","title":{"rendered":"Como duele esta Argentina del miedo, de la inseguridad"},"content":{"rendered":"<p><strong>\u00bfHASTA CUANDO?<\/strong><!--more--><\/p>\n<p>En Quilmes, mataron a un estudiante de 17 a\u00f1os! de un puntazo en el pecho, camino al colegio, para robarle la bici y el celu.<\/p>\n<p>La noche anterior en Caseros, un subcomisario de la polic\u00eda, de 41 a\u00f1os, fue asesinado de dos balazos en el pecho para robarle la moto.<\/p>\n<p>En Gerli mataron a un comerciante de 32 a\u00f1os tambi\u00e9n para robarle.<\/p>\n<p>Tres v\u00edctimas m\u00e1s de la inseguridad en la que vivimos hace demasiado tiempo, soportando tan demencial flagelo. Tres muertes que han pegado en el coraz\u00f3n de la sociedad. Una sociedad que necesita poder vivir en paz. Poder salir a la calle a estudiar o trabajar, sin temer por su vida o la de sus hijos.<\/p>\n<p>Cu\u00e1nto duele esta Argentina del miedo!, de la inseguridad, del narcotr\u00e1fico! C\u00f3mo duelen esos abuelos que vieron morir a su nieto a metros de su casa! Como Maria Elena Walsh escribi\u00f3 una vez &#8220;Porque me duele si me quedo, pero me muero si me voy. Por todo y a pesar de todo, mi amor, yo quiero vivir en vos&#8221;.<\/p>\n<p>Queremos vivir en vos, bendita Argentina, pero no as\u00ed&#8230; La pregunta es qu\u00e9 vamos a hacer frente a esto como pueblo, como Naci\u00f3n. Porque hemos llegado a un punto de quiebre, es aqu\u00ed y ahora. Ya no hay m\u00e1s tiempo para titubeos, porque es la vida de todos la que est\u00e1 en juego.<\/p>\n<p>Luli Olmos, una amiga, me record\u00f3 un poema que dice: &#8216;Primero se llevaron a los jud\u00edos, pero como yo no era jud\u00edo, no me import\u00f3. Despu\u00e9s se llevaron a los comunistas, pero como yo no era comunista, tampoco me import\u00f3. Luego se llevaron a los obreros, pero como yo no era obrero, tampoco me import\u00f3. M\u00e1s tarde se llevaron a los intelectuales, pero como yo no era intelectual, tampoco me import\u00f3. Despu\u00e9s siguieron con los curas, pero como yo no era cura, tampoco me import\u00f3. Ahora vienen por m\u00ed, pero es demasiado tarde&#8221;.<\/p>\n<p><em><strong>No esperemos a que la inseguridad y la droga derriben nuestra puerta, para decir BASTA<\/strong>.<\/em><\/p>\n<p><strong>Por Graciela Venturino.<\/strong><\/p>\n","protected":false},"excerpt":{"rendered":"<p>\u00bfHASTA CUANDO?<\/p>\n","protected":false},"author":3,"featured_media":13104,"comment_status":"open","ping_status":"open","sticky":false,"template":"","format":"standard","meta":{"footnotes":"","jetpack_publicize_message":"","jetpack_publicize_feature_enabled":true,"jetpack_social_post_already_shared":false,"jetpack_social_options":{"image_generator_settings":{"template":"highway","default_image_id":0,"font":"","enabled":false},"version":2}},"categories":[7,13],"tags":[741],"class_list":["post-13103","post","type-post","status-publish","format-standard","has-post-thumbnail","hentry","category-columna-de-opinion","category-interes-general","tag-inseguridad"],"jetpack_publicize_connections":[],"jetpack_featured_media_url":"https:\/\/revistaepocadigital.com.ar\/wp-content\/uploads\/2021\/10\/GZ46KJPW3NAKFAIATIY7XQHIAM.jpg","jetpack_likes_enabled":true,"_links":{"self":[{"href":"https:\/\/revistaepocadigital.com.ar\/index.php?rest_route=\/wp\/v2\/posts\/13103","targetHints":{"allow":["GET"]}}],"collection":[{"href":"https:\/\/revistaepocadigital.com.ar\/index.php?rest_route=\/wp\/v2\/posts"}],"about":[{"href":"https:\/\/revistaepocadigital.com.ar\/index.php?rest_route=\/wp\/v2\/types\/post"}],"author":[{"embeddable":true,"href":"https:\/\/revistaepocadigital.com.ar\/index.php?rest_route=\/wp\/v2\/users\/3"}],"replies":[{"embeddable":true,"href":"https:\/\/revistaepocadigital.com.ar\/index.php?rest_route=%2Fwp%2Fv2%2Fcomments&post=13103"}],"version-history":[{"count":0,"href":"https:\/\/revistaepocadigital.com.ar\/index.php?rest_route=\/wp\/v2\/posts\/13103\/revisions"}],"wp:featuredmedia":[{"embeddable":true,"href":"https:\/\/revistaepocadigital.com.ar\/index.php?rest_route=\/wp\/v2\/media\/13104"}],"wp:attachment":[{"href":"https:\/\/revistaepocadigital.com.ar\/index.php?rest_route=%2Fwp%2Fv2%2Fmedia&parent=13103"}],"wp:term":[{"taxonomy":"category","embeddable":true,"href":"https:\/\/revistaepocadigital.com.ar\/index.php?rest_route=%2Fwp%2Fv2%2Fcategories&post=13103"},{"taxonomy":"post_tag","embeddable":true,"href":"https:\/\/revistaepocadigital.com.ar\/index.php?rest_route=%2Fwp%2Fv2%2Ftags&post=13103"}],"curies":[{"name":"wp","href":"https:\/\/api.w.org\/{rel}","templated":true}]}}