{"id":13117,"date":"2021-10-14T15:12:46","date_gmt":"2021-10-14T18:12:46","guid":{"rendered":"https:\/\/revistaepocadigital.com.ar\/?p=13117"},"modified":"2021-10-14T15:14:42","modified_gmt":"2021-10-14T18:14:42","slug":"el-fiscal-esperante-dijo-lo-suyo","status":"publish","type":"post","link":"https:\/\/revistaepocadigital.com.ar\/?p=13117","title":{"rendered":"Inseguridad. El Fiscal Esperante dijo lo suyo"},"content":{"rendered":"<p><strong>EN EL DIARIO DE LA MA\u00d1ANA.<\/strong><\/p>\n<p>El programa conducido por Andre\u00edna Duran que se emite por la FM 90,5. Habl\u00f3 con Juan Manuel Esperante, Fiscal de la Unidad Funcional de Instrucci\u00f3n y JUicio de Exaltaci\u00f3n de la Cruz.<\/p>\n<audio class=\"wp-audio-shortcode\" id=\"audio-13117-1\" preload=\"none\" style=\"width: 100%;\" controls=\"controls\"><source type=\"audio\/mpeg\" src=\"https:\/\/revistaepocadigital.com.ar\/wp-content\/uploads\/2021\/10\/Juan-Mauel-Sperante-14-OCT-2021.mp3?_=1\" \/><a href=\"https:\/\/revistaepocadigital.com.ar\/wp-content\/uploads\/2021\/10\/Juan-Mauel-Sperante-14-OCT-2021.mp3\">https:\/\/revistaepocadigital.com.ar\/wp-content\/uploads\/2021\/10\/Juan-Mauel-Sperante-14-OCT-2021.mp3<\/a><\/audio>\n<p>Foto: gentileza Campanainfo.com<\/p>\n","protected":false},"excerpt":{"rendered":"<p>EN EL DIARIO DE LA MA\u00d1ANA. El programa conducido por Andre\u00edna Duran que se emite por la FM 90,5. Habl\u00f3 con Juan Manuel Esperante, Fiscal de la Unidad Funcional de Instrucci\u00f3n y JUicio de Exaltaci\u00f3n de la Cruz. Foto: gentileza Campanainfo.com<\/p>\n","protected":false},"author":3,"featured_media":13119,"comment_status":"open","ping_status":"open","sticky":false,"template":"","format":"standard","meta":{"footnotes":"","jetpack_publicize_message":"","jetpack_publicize_feature_enabled":true,"jetpack_social_post_already_shared":false,"jetpack_social_options":{"image_generator_settings":{"template":"highway","default_image_id":0,"font":"","enabled":false},"version":2}},"categories":[13],"tags":[1608,1636],"class_list":["post-13117","post","type-post","status-publish","format-standard","has-post-thumbnail","hentry","category-interes-general","tag-el-diario-de-la-manana","tag-enetrevista"],"jetpack_publicize_connections":[],"jetpack_featured_media_url":"https:\/\/revistaepocadigital.com.ar\/wp-content\/uploads\/2021\/10\/esperante-fiscal.jpg","jetpack_likes_enabled":true,"_links":{"self":[{"href":"https:\/\/revistaepocadigital.com.ar\/index.php?rest_route=\/wp\/v2\/posts\/13117","targetHints":{"allow":["GET"]}}],"collection":[{"href":"https:\/\/revistaepocadigital.com.ar\/index.php?rest_route=\/wp\/v2\/posts"}],"about":[{"href":"https:\/\/revistaepocadigital.com.ar\/index.php?rest_route=\/wp\/v2\/types\/post"}],"author":[{"embeddable":true,"href":"https:\/\/revistaepocadigital.com.ar\/index.php?rest_route=\/wp\/v2\/users\/3"}],"replies":[{"embeddable":true,"href":"https:\/\/revistaepocadigital.com.ar\/index.php?rest_route=%2Fwp%2Fv2%2Fcomments&post=13117"}],"version-history":[{"count":0,"href":"https:\/\/revistaepocadigital.com.ar\/index.php?rest_route=\/wp\/v2\/posts\/13117\/revisions"}],"wp:featuredmedia":[{"embeddable":true,"href":"https:\/\/revistaepocadigital.com.ar\/index.php?rest_route=\/wp\/v2\/media\/13119"}],"wp:attachment":[{"href":"https:\/\/revistaepocadigital.com.ar\/index.php?rest_route=%2Fwp%2Fv2%2Fmedia&parent=13117"}],"wp:term":[{"taxonomy":"category","embeddable":true,"href":"https:\/\/revistaepocadigital.com.ar\/index.php?rest_route=%2Fwp%2Fv2%2Fcategories&post=13117"},{"taxonomy":"post_tag","embeddable":true,"href":"https:\/\/revistaepocadigital.com.ar\/index.php?rest_route=%2Fwp%2Fv2%2Ftags&post=13117"}],"curies":[{"name":"wp","href":"https:\/\/api.w.org\/{rel}","templated":true}]}}