{"id":13122,"date":"2021-10-14T16:21:29","date_gmt":"2021-10-14T19:21:29","guid":{"rendered":"https:\/\/revistaepocadigital.com.ar\/?p=13122"},"modified":"2021-10-14T16:23:14","modified_gmt":"2021-10-14T19:23:14","slug":"13122-2","status":"publish","type":"post","link":"https:\/\/revistaepocadigital.com.ar\/?p=13122","title":{"rendered":"Las nuevas viviendas deben ser para los exaltacrucenses"},"content":{"rendered":"<p><strong>EL TEMA DE LA VIVIENDA, ACUCIANTE Y DE PERMANENTE ACTUALIDAD.<\/strong><!--more--><\/p>\n<p>La Dra. Rosario Monz\u00f3n, directora de Habitat de Viviendas y Regularizaci\u00f3n Dominial, habl\u00f3 sobre cuestiones que se presentan en materia de viviendas y planes para adquisiciones.<\/p>\n<div>Por medio de gestiones del Intendente Diego Nanni bajo al partido el Plan bonaerense 2 que consta de 104 viviendas, se est\u00e1n empezando a construir en esta primera etapa 52 casas, frente al barrio Esperanza.<\/div>\n<p>&nbsp;<\/p>\n<p>La informaci\u00f3n divulgada menciona que se pueden inscribir en la municipalidad en la oficina de tierras, y deben cumplir con algunos requisitos para poder acceder al sorteo y pr\u00f3ximamente Naci\u00f3n abrir\u00e1 la inscripci\u00f3n del Procrear 2 con tasa hogar. Es una importante oportunidad para que muchas familias puedan acceder al techo propio.<\/p>\n<p>&nbsp;<\/p>\n<p>&nbsp;<\/p>\n<p>&nbsp;<\/p>\n<audio class=\"wp-audio-shortcode\" id=\"audio-13122-1\" preload=\"none\" style=\"width: 100%;\" controls=\"controls\"><source type=\"audio\/mpeg\" src=\"https:\/\/revistaepocadigital.com.ar\/wp-content\/uploads\/2021\/10\/Rosario-Monzon-14-OCT-2021.mp3?_=1\" \/><a href=\"https:\/\/revistaepocadigital.com.ar\/wp-content\/uploads\/2021\/10\/Rosario-Monzon-14-OCT-2021.mp3\">https:\/\/revistaepocadigital.com.ar\/wp-content\/uploads\/2021\/10\/Rosario-Monzon-14-OCT-2021.mp3<\/a><\/audio>\n<p>Declaraciones efectuadas al programa radial El Diario de la Ma\u00f1ana (EN EL AIRE) que conduce Andre\u00edna Dur\u00e1n por la FM 90.5<\/p>\n<p>&nbsp;<\/p>\n<p>&nbsp;<\/p>\n<p>Foto portada: gentileza radio Boreal.<\/p>\n","protected":false},"excerpt":{"rendered":"<p>EL TEMA DE LA VIVIENDA, ACUCIANTE Y DE PERMANENTE ACTUALIDAD.<\/p>\n","protected":false},"author":3,"featured_media":13125,"comment_status":"open","ping_status":"open","sticky":false,"template":"","format":"standard","meta":{"footnotes":"","jetpack_publicize_message":"","jetpack_publicize_feature_enabled":true,"jetpack_social_post_already_shared":false,"jetpack_social_options":{"image_generator_settings":{"template":"highway","default_image_id":0,"font":"","enabled":false},"version":2}},"categories":[17],"tags":[1637],"class_list":["post-13122","post","type-post","status-publish","format-standard","has-post-thumbnail","hentry","category-politica","tag-entrevista-diario-de-la-manana"],"jetpack_publicize_connections":[],"jetpack_featured_media_url":"https:\/\/revistaepocadigital.com.ar\/wp-content\/uploads\/2021\/10\/monzon-borel-1.jpg","jetpack_likes_enabled":true,"_links":{"self":[{"href":"https:\/\/revistaepocadigital.com.ar\/index.php?rest_route=\/wp\/v2\/posts\/13122","targetHints":{"allow":["GET"]}}],"collection":[{"href":"https:\/\/revistaepocadigital.com.ar\/index.php?rest_route=\/wp\/v2\/posts"}],"about":[{"href":"https:\/\/revistaepocadigital.com.ar\/index.php?rest_route=\/wp\/v2\/types\/post"}],"author":[{"embeddable":true,"href":"https:\/\/revistaepocadigital.com.ar\/index.php?rest_route=\/wp\/v2\/users\/3"}],"replies":[{"embeddable":true,"href":"https:\/\/revistaepocadigital.com.ar\/index.php?rest_route=%2Fwp%2Fv2%2Fcomments&post=13122"}],"version-history":[{"count":0,"href":"https:\/\/revistaepocadigital.com.ar\/index.php?rest_route=\/wp\/v2\/posts\/13122\/revisions"}],"wp:featuredmedia":[{"embeddable":true,"href":"https:\/\/revistaepocadigital.com.ar\/index.php?rest_route=\/wp\/v2\/media\/13125"}],"wp:attachment":[{"href":"https:\/\/revistaepocadigital.com.ar\/index.php?rest_route=%2Fwp%2Fv2%2Fmedia&parent=13122"}],"wp:term":[{"taxonomy":"category","embeddable":true,"href":"https:\/\/revistaepocadigital.com.ar\/index.php?rest_route=%2Fwp%2Fv2%2Fcategories&post=13122"},{"taxonomy":"post_tag","embeddable":true,"href":"https:\/\/revistaepocadigital.com.ar\/index.php?rest_route=%2Fwp%2Fv2%2Ftags&post=13122"}],"curies":[{"name":"wp","href":"https:\/\/api.w.org\/{rel}","templated":true}]}}