{"id":13140,"date":"2021-10-14T12:37:59","date_gmt":"2021-10-14T15:37:59","guid":{"rendered":"https:\/\/revistaepocadigital.com.ar\/?p=13140"},"modified":"2021-10-15T01:10:24","modified_gmt":"2021-10-15T04:10:24","slug":"el-dramatico-robo-a-la-familia-de-pavon","status":"publish","type":"post","link":"https:\/\/revistaepocadigital.com.ar\/?p=13140","title":{"rendered":"El dram\u00e1tico robo a la familia de Pav\u00f3n. Hubo allanamientos"},"content":{"rendered":"<p><strong>LA INSEGURIDAD. ESE FLAGELO.<\/strong><!--more--><\/p>\n<p>No deja de azotar en gran parte de la Argentina. En Exaltaci\u00f3n de la Cruz, la situaci\u00f3n tambi\u00e9n preocupa y entran en juego distintos intereses.<\/p>\n<p>El candidato a concejal Ra\u00fal Sancho (Juntos) poste\u00f3 con dureza en su cuenta en Facebook, a la que recurre con asiduidad, criticando al municipio. &#8220;<em>\u00bfQue mas tiene que pasar para que se adopten medidas por la INSEGURIDAD que se est\u00e1 yendo de las manos?<\/em><br \/>\n<em>No hay que tolerar ni naturalizar ver estas tristes im\u00e1genes, de chorros armados dentro de la casa de una familia, gatill\u00e1ndoles, golpe\u00e1ndolos y robando&#8221;<\/em>, lanz\u00f3 Sancho antes de apuntar de nuevo a las autoridades comunales.<\/p>\n<p>&#8220;\u00bf<em>Que est\u00e1n esperando las autoridades para actuar?<\/em> -se pregunt\u00f3 el candidato de Juntos, en plena campa\u00f1a electoral-. <em>Esto podr\u00eda haber sido una tragedia (sobre el asalto en Pav\u00f3n). Van a seguir diciendo que el reclamos por seguridad es pol\u00edtico?<\/em><br \/>\n<em>Cuando propusimos<\/em> (en el Concejo Deliberante) u<em>na Defensor\u00eda de la V\u00edctima para impulsar las causas penales y perseguir a los delincuentes, nos lo votaron en contra c\u00f3mo pasa siempre&#8221;.<\/em><\/p>\n<p><iframe loading=\"lazy\" title=\"LLEGARON a su CASA y los ATACARON a CULATAZOS - El Noti de la Gente\" width=\"696\" height=\"392\" src=\"https:\/\/www.youtube.com\/embed\/h2N8Cg6u2pw?feature=oembed\" frameborder=\"0\" allow=\"accelerometer; autoplay; clipboard-write; encrypted-media; gyroscope; picture-in-picture\" allowfullscreen><\/iframe><\/p>\n<p>&nbsp;<\/p>\n<div class=\"o9v6fnle cxmmr5t8 oygrvhab hcukyx3x c1et5uql ii04i59q\">\n<div dir=\"auto\" style=\"text-align: center;\"><strong>ALLANAMIENTOS.<\/strong><\/div>\n<\/div>\n<div dir=\"auto\"><\/div>\n<div dir=\"auto\">Hubo allanamientos en la localidad de Pav\u00f3n y en el Bajo de Los Cardales ordenados por el fiscal Esperante, relacionados con el robo a mano armada que sufri\u00f3 la familia Abrigo en Pav\u00f3n hace un par de d\u00edas en horas de la noche. Trabaj\u00f3 la Polic\u00eda local junto a la DDI de Zarate Campana en la calle Misiones entre Juan B. Justo y Chubut.<\/div>\n<div dir=\"auto\"><\/div>\n<div class=\"o9v6fnle cxmmr5t8 oygrvhab hcukyx3x c1et5uql ii04i59q\">\n<div dir=\"auto\">En tanto en Los Cardales tambi\u00e9n se llevaron a cabo procedimientos en una vivienda, donde se hab\u00eda supuesto, pod\u00edan encontrarse dos sospechosos. Tambi\u00e9n en la calle 9 de Julio y Del Trabajador, en Pav\u00f3n, donde se sospech\u00f3 pod\u00eda encontrarse otro sospechosos del robo a mano armada.<\/div>\n<\/div>\n","protected":false},"excerpt":{"rendered":"<p>LA INSEGURIDAD. ESE FLAGELO.<\/p>\n","protected":false},"author":3,"featured_media":13142,"comment_status":"open","ping_status":"open","sticky":false,"template":"","format":"standard","meta":{"footnotes":"","jetpack_publicize_message":"","jetpack_publicize_feature_enabled":true,"jetpack_social_post_already_shared":false,"jetpack_social_options":{"image_generator_settings":{"template":"highway","default_image_id":0,"font":"","enabled":false},"version":2}},"categories":[17],"tags":[1639,742,881,1638],"class_list":["post-13140","post","type-post","status-publish","format-standard","has-post-thumbnail","hentry","category-politica","tag-des","tag-pavon","tag-robo","tag-robo-pavon"],"jetpack_publicize_connections":[],"jetpack_featured_media_url":"https:\/\/revistaepocadigital.com.ar\/wp-content\/uploads\/2021\/10\/roo.jpg","jetpack_likes_enabled":true,"_links":{"self":[{"href":"https:\/\/revistaepocadigital.com.ar\/index.php?rest_route=\/wp\/v2\/posts\/13140","targetHints":{"allow":["GET"]}}],"collection":[{"href":"https:\/\/revistaepocadigital.com.ar\/index.php?rest_route=\/wp\/v2\/posts"}],"about":[{"href":"https:\/\/revistaepocadigital.com.ar\/index.php?rest_route=\/wp\/v2\/types\/post"}],"author":[{"embeddable":true,"href":"https:\/\/revistaepocadigital.com.ar\/index.php?rest_route=\/wp\/v2\/users\/3"}],"replies":[{"embeddable":true,"href":"https:\/\/revistaepocadigital.com.ar\/index.php?rest_route=%2Fwp%2Fv2%2Fcomments&post=13140"}],"version-history":[{"count":0,"href":"https:\/\/revistaepocadigital.com.ar\/index.php?rest_route=\/wp\/v2\/posts\/13140\/revisions"}],"wp:featuredmedia":[{"embeddable":true,"href":"https:\/\/revistaepocadigital.com.ar\/index.php?rest_route=\/wp\/v2\/media\/13142"}],"wp:attachment":[{"href":"https:\/\/revistaepocadigital.com.ar\/index.php?rest_route=%2Fwp%2Fv2%2Fmedia&parent=13140"}],"wp:term":[{"taxonomy":"category","embeddable":true,"href":"https:\/\/revistaepocadigital.com.ar\/index.php?rest_route=%2Fwp%2Fv2%2Fcategories&post=13140"},{"taxonomy":"post_tag","embeddable":true,"href":"https:\/\/revistaepocadigital.com.ar\/index.php?rest_route=%2Fwp%2Fv2%2Ftags&post=13140"}],"curies":[{"name":"wp","href":"https:\/\/api.w.org\/{rel}","templated":true}]}}