{"id":1316,"date":"2019-01-20T18:28:13","date_gmt":"2019-01-20T21:28:13","guid":{"rendered":"https:\/\/revistaepocadigital.com.ar\/?p=1316"},"modified":"2019-01-20T18:31:24","modified_gmt":"2019-01-20T21:31:24","slug":"manos-a-la-obra-para-homenajear-a-luis-niz","status":"publish","type":"post","link":"https:\/\/revistaepocadigital.com.ar\/?p=1316","title":{"rendered":"MANOS A LA OBRA PARA HOMENAJEAR A LUIS NIZ"},"content":{"rendered":"<p><strong>Y A LOS TRIPULANTES DEL SUBMARINO ARA SAN JUAN.<\/strong><!--more--><\/p>\n<p>Vecinos exaltacruce\u00f1os, han puesto manos a la obra para limpiar y dejar en condiciones las paredes bajo el puente que vincula a las <strong>ruta 8 y 39<\/strong> en nuestro distrito.<\/p>\n<figure id=\"attachment_1322\" aria-describedby=\"caption-attachment-1322\" style=\"width: 857px\" class=\"wp-caption aligncenter\"><img loading=\"lazy\" decoding=\"async\" class=\"size-full wp-image-1322\" src=\"https:\/\/revistaepocadigital.com.ar\/wp-content\/uploads\/2019\/01\/niz2.jpg\" alt=\"\" width=\"857\" height=\"478\" srcset=\"https:\/\/revistaepocadigital.com.ar\/wp-content\/uploads\/2019\/01\/niz2.jpg 857w, https:\/\/revistaepocadigital.com.ar\/wp-content\/uploads\/2019\/01\/niz2-300x167.jpg 300w, https:\/\/revistaepocadigital.com.ar\/wp-content\/uploads\/2019\/01\/niz2-768x428.jpg 768w, https:\/\/revistaepocadigital.com.ar\/wp-content\/uploads\/2019\/01\/niz2-696x388.jpg 696w, https:\/\/revistaepocadigital.com.ar\/wp-content\/uploads\/2019\/01\/niz2-753x420.jpg 753w\" sizes=\"auto, (max-width: 857px) 100vw, 857px\" \/><figcaption id=\"caption-attachment-1322\" class=\"wp-caption-text\">El grupo de vecinos en plena labor.<\/figcaption><\/figure>\n<p>Sobre esas paredes un mural que realiza <strong>Bettina Sabbatini,<\/strong> ha de servir como homenaje a <strong>Luis Niz<\/strong>, el joven que viv\u00eda en <strong>Capilla del Se\u00f1or<\/strong> e integraba la tripulaci\u00f3n, as\u00ed como a todos los tripulantes del <strong>submarino ARA San Juan,<\/strong> cuyo tr\u00e1gico final en las aguas del Atl\u00e1ntico sur conmocion\u00f3 y llen\u00f3 de dolor a los argentinos.<\/p>\n<figure id=\"attachment_1323\" aria-describedby=\"caption-attachment-1323\" style=\"width: 577px\" class=\"wp-caption aligncenter\"><img loading=\"lazy\" decoding=\"async\" class=\"size-full wp-image-1323\" src=\"https:\/\/revistaepocadigital.com.ar\/wp-content\/uploads\/2019\/01\/nikz1.jpg\" alt=\"\" width=\"577\" height=\"411\" srcset=\"https:\/\/revistaepocadigital.com.ar\/wp-content\/uploads\/2019\/01\/nikz1.jpg 577w, https:\/\/revistaepocadigital.com.ar\/wp-content\/uploads\/2019\/01\/nikz1-300x214.jpg 300w, https:\/\/revistaepocadigital.com.ar\/wp-content\/uploads\/2019\/01\/nikz1-100x70.jpg 100w\" sizes=\"auto, (max-width: 577px) 100vw, 577px\" \/><figcaption id=\"caption-attachment-1323\" class=\"wp-caption-text\">Las paredes donde ir\u00e1 el muro homenaje.<\/figcaption><\/figure>\n<p><span dir=\"ltr\"><span class=\"_3l3x\"><em>&#8220;Realmente una jornada gratificante para el alma, hoy conoc\u00ed al Pap\u00e1 de Luis Niz. Una persona con una luz especial. Lleno de orgullo por su hijo&#8221;<\/em>, ha escrito en su muro en Facebook, <strong>Ver\u00f3nica Ludwig Dreir<\/strong>, quien ha estado colaborando en el grupo de vecinos al que tambi\u00e9n se sum\u00f3 en forma silenciosa <strong>Carlos Ram\u00edrez<\/strong>, presidente de la <strong>UCR<\/strong> de Exaltaci\u00f3n de la Cruz. <em>&#8220;Muy bueno va quedar el mural, la familia los va a tener siempre en sus corazones, pero nosotros por siempre en nuestros recuerdos&#8221;<\/em>, escribi\u00f3 Ram\u00edrez en la misma red social.<br \/>\n<\/span><\/span><\/p>\n<p>Fotos: Facebook<\/p>\n","protected":false},"excerpt":{"rendered":"<p>Y A LOS TRIPULANTES DEL SUBMARINO ARA SAN JUAN.<\/p>\n","protected":false},"author":3,"featured_media":1320,"comment_status":"open","ping_status":"open","sticky":false,"template":"","format":"standard","meta":{"footnotes":"","jetpack_publicize_message":"","jetpack_publicize_feature_enabled":true,"jetpack_social_post_already_shared":false,"jetpack_social_options":{"image_generator_settings":{"template":"highway","default_image_id":0,"font":"","enabled":false},"version":2}},"categories":[13],"tags":[37,159,160],"class_list":["post-1316","post","type-post","status-publish","format-standard","has-post-thumbnail","hentry","category-interes-general","tag-destacada","tag-luis-niz","tag-mural"],"jetpack_publicize_connections":[],"jetpack_featured_media_url":"https:\/\/revistaepocadigital.com.ar\/wp-content\/uploads\/2019\/01\/niz1.jpg","jetpack_likes_enabled":true,"_links":{"self":[{"href":"https:\/\/revistaepocadigital.com.ar\/index.php?rest_route=\/wp\/v2\/posts\/1316","targetHints":{"allow":["GET"]}}],"collection":[{"href":"https:\/\/revistaepocadigital.com.ar\/index.php?rest_route=\/wp\/v2\/posts"}],"about":[{"href":"https:\/\/revistaepocadigital.com.ar\/index.php?rest_route=\/wp\/v2\/types\/post"}],"author":[{"embeddable":true,"href":"https:\/\/revistaepocadigital.com.ar\/index.php?rest_route=\/wp\/v2\/users\/3"}],"replies":[{"embeddable":true,"href":"https:\/\/revistaepocadigital.com.ar\/index.php?rest_route=%2Fwp%2Fv2%2Fcomments&post=1316"}],"version-history":[{"count":0,"href":"https:\/\/revistaepocadigital.com.ar\/index.php?rest_route=\/wp\/v2\/posts\/1316\/revisions"}],"wp:featuredmedia":[{"embeddable":true,"href":"https:\/\/revistaepocadigital.com.ar\/index.php?rest_route=\/wp\/v2\/media\/1320"}],"wp:attachment":[{"href":"https:\/\/revistaepocadigital.com.ar\/index.php?rest_route=%2Fwp%2Fv2%2Fmedia&parent=1316"}],"wp:term":[{"taxonomy":"category","embeddable":true,"href":"https:\/\/revistaepocadigital.com.ar\/index.php?rest_route=%2Fwp%2Fv2%2Fcategories&post=1316"},{"taxonomy":"post_tag","embeddable":true,"href":"https:\/\/revistaepocadigital.com.ar\/index.php?rest_route=%2Fwp%2Fv2%2Ftags&post=1316"}],"curies":[{"name":"wp","href":"https:\/\/api.w.org\/{rel}","templated":true}]}}