{"id":1330,"date":"2019-01-20T19:52:18","date_gmt":"2019-01-20T22:52:18","guid":{"rendered":"https:\/\/revistaepocadigital.com.ar\/?p=1330"},"modified":"2019-01-20T19:55:24","modified_gmt":"2019-01-20T22:55:24","slug":"detectaron-fraudes-en-cobros-de-jubilaciones","status":"publish","type":"post","link":"https:\/\/revistaepocadigital.com.ar\/?p=1330","title":{"rendered":"DETECTARON FRAUDES EN COBROS DE JUBILACIONES"},"content":{"rendered":"<p><strong>SOSTUVO EL DIRECTOR EJECUTIVO DE ANSES, EMILIO BASAVILBASO:<\/strong><!--more--><\/p>\n<p><em>\u201cEstamos haciendo un gran trabajo en todo el pa\u00eds, para detectar los fraudes y cuidar el dinero de los argentinos&#8221;<\/em>. El titular del <strong>ANSES<\/strong> habl\u00f3 en ocasi\u00f3n de su visIta a <strong>Formosa,<\/strong> donde inform\u00f3 que el organismo descubri\u00f3 <strong>estafas<\/strong> de casi 4 mil jubilaciones indebidas, por parte de gestores argentinos para personas que no resid\u00edan en el pa\u00eds. De ese total, 3621 pertenec\u00edan a la localidad de <strong>Clorinda.<\/strong><\/p>\n<p>El funcionario en <strong>Formosa<\/strong> visit\u00f3 a dos oficinas del organismo en la provincia, y entre otras actividades, mantuvo un encuentro con madres titulares de la Asignaci\u00f3n Universal por Hijo y otro con una familia de la comunidad Qom.<\/p>\n<p>Sobre la detecci\u00f3n de estafas en Formosa, <strong>Basavilbaso<\/strong> acot\u00f3 que debido a las investigaciones, <em>&#8220;regularizamos la situaci\u00f3n de muchas personas que estaban recibiendo beneficios que no les correspond\u00edan, y generaban un perjuicio al Estado. En Formosa, detectamos una banda de gestores argentinos que tramitaban jubilaciones a extranjeros que no viv\u00edan ni hab\u00edan trabajado en nuestro pa\u00eds y cobraban jubilaciones de ANSES. Se trataba de casi 4 mil jubilaciones truchas que ahora no las cobran m\u00e1s y significan un ahorro de $727 millones por este fraude solo en la provincia\u201d.<\/em><\/p>\n<p>La <strong>maniobra<\/strong> consisti\u00f3 principalmente en beneficios previsionales, obtenidos a trav\u00e9s de moratorias en los que los titulares no acreditaban residencia en la Rep\u00fablica Argentina, requisito esencial para obtener el derecho al cobro.<\/p>\n<p><span style=\"color: #ff6600;\">C\u00f3mo se realiz\u00f3 la investigaci\u00f3n.<\/span><\/p>\n<p>La <strong>Direcci\u00f3n General de Control Prestacional de ANSES<\/strong> efectu\u00f3 verificaciones y controles entre la informaci\u00f3n registrada en los sistemas durante la tramitaci\u00f3n y los documentos de identidad -como fecha de ingreso y de radicaci\u00f3n en nuestro pa\u00eds-, para comprobar la residencia en la Argentina durante los per\u00edodos que los titulares hab\u00edan regularizado mediante moratoria previsional, esenciales para obtener el derecho a la jubilaci\u00f3n. Asimismo, se obtuvo informaci\u00f3n adicional gracias al cruce de datos con la Direcci\u00f3n Nacional de Migraciones.<\/p>\n<p>Las <strong>sospechas<\/strong> se generaron por las personas que cruzaban desde las ciudades paraguayas de Alberdi, Nanawa e It\u00e1 Enramada para cobrar en la capital formose\u00f1a y en Clorinda \u2013donde declaraban domicilios falsos-, y que luego regresaban a su pa\u00eds. Tras el cumplimiento del debido proceso legal, ANSES dispuso la revocaci\u00f3n de las jubilaciones y radic\u00f3 la denuncia en la Unidad Fiscal de Investigaciones de la Seguridad Social (UFISES) y en el Juzgado Federal N\u00b0 1 de Formosa.<\/p>\n<p><em>\u201cQueremos que el sistema previsional perdure en el tiempo, sea transparente, que los argentinos est\u00e9n bien cuidados y nuestros hijos puedan tener asegurado el pago de sus jubilaciones en su vejez. Pero por sobre todas las cosas, que los recursos vayan adonde deben ir y no a los vivos de siempre. Para lograr esto, trabajamos desde el inicio de nuestra gesti\u00f3n combatiendo estafas como la que logramos detener en Formosa\u201d<\/em>, remarc\u00f3 <strong>Basavilbaso.<\/strong><\/p>\n<p>Ante el fraude descubierto, vale la pena preguntarse \u00bf<strong>s\u00f3lo<\/strong> en Formosa?<\/p>\n","protected":false},"excerpt":{"rendered":"<p>SOSTUVO EL DIRECTOR EJECUTIVO DE ANSES, EMILIO BASAVILBASO:<\/p>\n","protected":false},"author":3,"featured_media":1334,"comment_status":"open","ping_status":"open","sticky":false,"template":"","format":"standard","meta":{"footnotes":"","jetpack_publicize_message":"","jetpack_publicize_feature_enabled":true,"jetpack_social_post_already_shared":false,"jetpack_social_options":{"image_generator_settings":{"template":"highway","default_image_id":0,"font":"","enabled":false},"version":2}},"categories":[81],"tags":[161],"class_list":["post-1330","post","type-post","status-publish","format-standard","has-post-thumbnail","hentry","category-anses","tag-jubilaciones"],"jetpack_publicize_connections":[],"jetpack_featured_media_url":"https:\/\/revistaepocadigital.com.ar\/wp-content\/uploads\/2019\/01\/ANSES1-1.jpg","jetpack_likes_enabled":true,"_links":{"self":[{"href":"https:\/\/revistaepocadigital.com.ar\/index.php?rest_route=\/wp\/v2\/posts\/1330","targetHints":{"allow":["GET"]}}],"collection":[{"href":"https:\/\/revistaepocadigital.com.ar\/index.php?rest_route=\/wp\/v2\/posts"}],"about":[{"href":"https:\/\/revistaepocadigital.com.ar\/index.php?rest_route=\/wp\/v2\/types\/post"}],"author":[{"embeddable":true,"href":"https:\/\/revistaepocadigital.com.ar\/index.php?rest_route=\/wp\/v2\/users\/3"}],"replies":[{"embeddable":true,"href":"https:\/\/revistaepocadigital.com.ar\/index.php?rest_route=%2Fwp%2Fv2%2Fcomments&post=1330"}],"version-history":[{"count":0,"href":"https:\/\/revistaepocadigital.com.ar\/index.php?rest_route=\/wp\/v2\/posts\/1330\/revisions"}],"wp:featuredmedia":[{"embeddable":true,"href":"https:\/\/revistaepocadigital.com.ar\/index.php?rest_route=\/wp\/v2\/media\/1334"}],"wp:attachment":[{"href":"https:\/\/revistaepocadigital.com.ar\/index.php?rest_route=%2Fwp%2Fv2%2Fmedia&parent=1330"}],"wp:term":[{"taxonomy":"category","embeddable":true,"href":"https:\/\/revistaepocadigital.com.ar\/index.php?rest_route=%2Fwp%2Fv2%2Fcategories&post=1330"},{"taxonomy":"post_tag","embeddable":true,"href":"https:\/\/revistaepocadigital.com.ar\/index.php?rest_route=%2Fwp%2Fv2%2Ftags&post=1330"}],"curies":[{"name":"wp","href":"https:\/\/api.w.org\/{rel}","templated":true}]}}