{"id":13314,"date":"2021-10-24T12:24:14","date_gmt":"2021-10-24T15:24:14","guid":{"rendered":"https:\/\/revistaepocadigital.com.ar\/?p=13314"},"modified":"2021-10-24T12:24:14","modified_gmt":"2021-10-24T15:24:14","slug":"por-maximo-se-nos-pianta-un-lagrimon","status":"publish","type":"post","link":"https:\/\/revistaepocadigital.com.ar\/?p=13314","title":{"rendered":"Por M\u00e1ximo, se nos pianta un lagrim\u00f3n"},"content":{"rendered":"<div class=\"\" dir=\"auto\">\n<div id=\"jsc_c_38\" class=\"ecm0bbzt hv4rvrfc ihqw7lf3 dati1w0a\" data-ad-comet-preview=\"message\" data-ad-preview=\"message\">\n<div class=\"j83agx80 cbu4d94t ew0dbk1b irj2b8pg\">\n<div class=\"qzhwtbm6 knvmm38d\">\n<div class=\"kvgmc6g5 cxmmr5t8 oygrvhab hcukyx3x c1et5uql ii04i59q\">\n<div dir=\"auto\"><strong>LA LUCHA.<!--more--><\/strong><\/div>\n<div dir=\"auto\"><\/div>\n<div dir=\"auto\">La lucha de M\u00e1xi fue conmovedora, un ejemplo. Junto a sus padres, hermano, familia, amigos, vecinos y tanta gente solidaria.<\/div>\n<div dir=\"auto\"><\/div>\n<div dir=\"auto\">Despu\u00e9s de tan duros cinco a\u00f1os de valiente pelea contra la leucemia, no resisti\u00f3 m\u00e1s y ya est\u00e1 junto a Dios. El peque\u00f1o Guerrero.<\/div>\n<\/div>\n<\/div>\n<\/div>\n<\/div>\n<\/div>\n<p>&nbsp;<\/p>\n<div dir=\"auto\"><\/div>\n<div dir=\"auto\"><img loading=\"lazy\" decoding=\"async\" class=\"alignleft size-medium wp-image-13317\" src=\"https:\/\/revistaepocadigital.com.ar\/wp-content\/uploads\/2021\/10\/nene1-162x300.jpg\" alt=\"\" width=\"162\" height=\"300\" srcset=\"https:\/\/revistaepocadigital.com.ar\/wp-content\/uploads\/2021\/10\/nene1-162x300.jpg 162w, https:\/\/revistaepocadigital.com.ar\/wp-content\/uploads\/2021\/10\/nene1-227x420.jpg 227w, https:\/\/revistaepocadigital.com.ar\/wp-content\/uploads\/2021\/10\/nene1-454x840.jpg 454w, https:\/\/revistaepocadigital.com.ar\/wp-content\/uploads\/2021\/10\/nene1.jpg 519w\" sizes=\"auto, (max-width: 162px) 100vw, 162px\" \/><\/div>\n<div dir=\"auto\"><\/div>\n<div dir=\"auto\"><\/div>\n<div class=\"\" dir=\"auto\">\n<div id=\"jsc_c_38\" class=\"ecm0bbzt hv4rvrfc ihqw7lf3 dati1w0a\" data-ad-comet-preview=\"message\" data-ad-preview=\"message\">\n<div class=\"j83agx80 cbu4d94t ew0dbk1b irj2b8pg\">\n<div class=\"qzhwtbm6 knvmm38d\">\n<div class=\"kvgmc6g5 cxmmr5t8 oygrvhab hcukyx3x c1et5uql ii04i59q\">\n<div dir=\"auto\"><\/div>\n<div dir=\"auto\">Han sido incontables y cargadas de sentimientos las muestras de dolor y profunda la tristeza por su partida. A todos se nos ha piantado un lagrim\u00f3n. QEPD.<\/div>\n<\/div>\n<div dir=\"auto\"><\/div>\n<div class=\"kvgmc6g5 cxmmr5t8 oygrvhab hcukyx3x c1et5uql ii04i59q\">\n<div dir=\"auto\"><\/div>\n<\/div>\n<\/div>\n<\/div>\n<\/div>\n<\/div>\n","protected":false},"excerpt":{"rendered":"<p>LA LUCHA.<\/p>\n","protected":false},"author":3,"featured_media":13316,"comment_status":"open","ping_status":"open","sticky":false,"template":"","format":"standard","meta":{"footnotes":"","jetpack_publicize_message":"","jetpack_publicize_feature_enabled":true,"jetpack_social_post_already_shared":false,"jetpack_social_options":{"image_generator_settings":{"template":"highway","default_image_id":0,"font":"","enabled":false},"version":2}},"categories":[13],"tags":[405,1649],"class_list":["post-13314","post","type-post","status-publish","format-standard","has-post-thumbnail","hentry","category-interes-general","tag-fallecimiento","tag-maximo"],"jetpack_publicize_connections":[],"jetpack_featured_media_url":"https:\/\/revistaepocadigital.com.ar\/wp-content\/uploads\/2021\/10\/nene.jpg","jetpack_likes_enabled":true,"_links":{"self":[{"href":"https:\/\/revistaepocadigital.com.ar\/index.php?rest_route=\/wp\/v2\/posts\/13314","targetHints":{"allow":["GET"]}}],"collection":[{"href":"https:\/\/revistaepocadigital.com.ar\/index.php?rest_route=\/wp\/v2\/posts"}],"about":[{"href":"https:\/\/revistaepocadigital.com.ar\/index.php?rest_route=\/wp\/v2\/types\/post"}],"author":[{"embeddable":true,"href":"https:\/\/revistaepocadigital.com.ar\/index.php?rest_route=\/wp\/v2\/users\/3"}],"replies":[{"embeddable":true,"href":"https:\/\/revistaepocadigital.com.ar\/index.php?rest_route=%2Fwp%2Fv2%2Fcomments&post=13314"}],"version-history":[{"count":0,"href":"https:\/\/revistaepocadigital.com.ar\/index.php?rest_route=\/wp\/v2\/posts\/13314\/revisions"}],"wp:featuredmedia":[{"embeddable":true,"href":"https:\/\/revistaepocadigital.com.ar\/index.php?rest_route=\/wp\/v2\/media\/13316"}],"wp:attachment":[{"href":"https:\/\/revistaepocadigital.com.ar\/index.php?rest_route=%2Fwp%2Fv2%2Fmedia&parent=13314"}],"wp:term":[{"taxonomy":"category","embeddable":true,"href":"https:\/\/revistaepocadigital.com.ar\/index.php?rest_route=%2Fwp%2Fv2%2Fcategories&post=13314"},{"taxonomy":"post_tag","embeddable":true,"href":"https:\/\/revistaepocadigital.com.ar\/index.php?rest_route=%2Fwp%2Fv2%2Ftags&post=13314"}],"curies":[{"name":"wp","href":"https:\/\/api.w.org\/{rel}","templated":true}]}}