{"id":1343,"date":"2019-01-20T17:03:39","date_gmt":"2019-01-20T20:03:39","guid":{"rendered":"https:\/\/revistaepocadigital.com.ar\/?p=1343"},"modified":"2019-01-22T01:09:37","modified_gmt":"2019-01-22T04:09:37","slug":"los-aumentos-en-jubilaciones-y-asignaciones-universales","status":"publish","type":"post","link":"https:\/\/revistaepocadigital.com.ar\/?p=1343","title":{"rendered":"Los aumentos en jubilaciones y asignaciones universales"},"content":{"rendered":"<p><strong>LOS INCREMENTOS IR\u00c1N EN MARZO, JUNIO, SEPTIEMBRE Y DICIEMBRE DE ESTE A\u00d1O.<\/strong><!--more--><\/p>\n<p>Seg\u00fan lo fijado por la Ley 27.426, la <strong>Administraci\u00f3n Nacional de la Seguridad Social (ANSES)<\/strong> aplicar\u00e1 incrementos que van desde el 8% hasta 12%, sobre los haberes de las prestaciones.<\/p>\n<p>La ANSES inform\u00f3 cu\u00e1les ser\u00e1n los aumentos para beneficiarios de asignaciones, pensiones y para los jubilados durante el 2019, de acuerdo a la F\u00f3rmula de Movilidad.<\/p>\n<p>Adem\u00e1s, desde el organismo se inform\u00f3 que las subas ser\u00e1n en los meses de marzo, junio, septiembre y diciembre de acuerdo a la Ley 27.426.<\/p>\n<p><strong>Mir\u00e1 el cuadro:<\/strong><\/p>\n<p><img decoding=\"async\" src=\"http:\/\/capillaonline.com\/images\/stories\/fruit\/20190116184556_.anses.jpg\" alt=\"\" border=\"0\" \/><\/p>\n<p>Respecto a las jubilaciones y pensiones,<strong> ANSES<\/strong> inform\u00f3 que el primer aumento ser\u00e1 en marzo. La m\u00ednima a cobrar ser\u00e1 de 10.439 pesos, mientras que la m\u00e1xima ser\u00e1 de 76.280 pesos, seg\u00fan la legislaci\u00f3n vigente de actualizaci\u00f3n salarial social.<\/p>\n<p>En tanto, las personas beneficiarias de la <strong>Asignaci\u00f3n Universal por Hijo (AUH)<\/strong> percibir\u00e1n 2040 pesos por hijo, siempre que se tengan completas las libretas en tiempo y forma como se requiere para el cobro de la misma.<\/p>\n<p><img loading=\"lazy\" decoding=\"async\" class=\"aligncenter size-full wp-image-1351\" src=\"https:\/\/revistaepocadigital.com.ar\/wp-content\/uploads\/2019\/01\/asignacion-universal-por-anses.jpg\" alt=\"\" width=\"620\" height=\"350\" srcset=\"https:\/\/revistaepocadigital.com.ar\/wp-content\/uploads\/2019\/01\/asignacion-universal-por-anses.jpg 620w, https:\/\/revistaepocadigital.com.ar\/wp-content\/uploads\/2019\/01\/asignacion-universal-por-anses-300x169.jpg 300w\" sizes=\"auto, (max-width: 620px) 100vw, 620px\" \/><\/p>\n<p>Las <strong>Asignaciones Familiares (SUAF)<\/strong> aumentar\u00e1n alrededor del 7,8 por ciento; las Pensiones No Contributivas (PNC) un 11,5% y se recibir\u00e1 en marzo un monto total de 7300 pesos aproximadamente. Adem\u00e1s, la Pensi\u00f3n para Adultos Mayores (PUAM) cobrar\u00e1n alrededor de 8340 pesos en el tercer mes del 2019.<\/p>\n<p>Por \u00faltimo, las <strong>Becas Progresar<\/strong> para los alumnos de primaria y secundaria aumentaran un 14%, y para los universitarios y terciarios un 45%. De esta manera alcanzar\u00edan 7500 pesos.<\/p>\n<p>Fuente: Infocielo<\/p>\n<p>Foto portada: gentileza<\/p>\n","protected":false},"excerpt":{"rendered":"<p>LOS INCREMENTOS IR\u00c1N EN MARZO, JUNIO, SEPTIEMBRE Y DICIEMBRE DE ESTE A\u00d1O.<\/p>\n","protected":false},"author":3,"featured_media":1350,"comment_status":"open","ping_status":"open","sticky":false,"template":"","format":"standard","meta":{"footnotes":"","jetpack_publicize_message":"","jetpack_publicize_feature_enabled":true,"jetpack_social_post_already_shared":false,"jetpack_social_options":{"image_generator_settings":{"template":"highway","default_image_id":0,"font":"","enabled":false},"version":2}},"categories":[81],"tags":[21,164,37,161],"class_list":["post-1343","post","type-post","status-publish","format-standard","has-post-thumbnail","hentry","category-anses","tag-anses","tag-asignaciones","tag-destacada","tag-jubilaciones"],"jetpack_publicize_connections":[],"jetpack_featured_media_url":"https:\/\/revistaepocadigital.com.ar\/wp-content\/uploads\/2019\/01\/0001739143.jpg","jetpack_likes_enabled":true,"_links":{"self":[{"href":"https:\/\/revistaepocadigital.com.ar\/index.php?rest_route=\/wp\/v2\/posts\/1343","targetHints":{"allow":["GET"]}}],"collection":[{"href":"https:\/\/revistaepocadigital.com.ar\/index.php?rest_route=\/wp\/v2\/posts"}],"about":[{"href":"https:\/\/revistaepocadigital.com.ar\/index.php?rest_route=\/wp\/v2\/types\/post"}],"author":[{"embeddable":true,"href":"https:\/\/revistaepocadigital.com.ar\/index.php?rest_route=\/wp\/v2\/users\/3"}],"replies":[{"embeddable":true,"href":"https:\/\/revistaepocadigital.com.ar\/index.php?rest_route=%2Fwp%2Fv2%2Fcomments&post=1343"}],"version-history":[{"count":0,"href":"https:\/\/revistaepocadigital.com.ar\/index.php?rest_route=\/wp\/v2\/posts\/1343\/revisions"}],"wp:featuredmedia":[{"embeddable":true,"href":"https:\/\/revistaepocadigital.com.ar\/index.php?rest_route=\/wp\/v2\/media\/1350"}],"wp:attachment":[{"href":"https:\/\/revistaepocadigital.com.ar\/index.php?rest_route=%2Fwp%2Fv2%2Fmedia&parent=1343"}],"wp:term":[{"taxonomy":"category","embeddable":true,"href":"https:\/\/revistaepocadigital.com.ar\/index.php?rest_route=%2Fwp%2Fv2%2Fcategories&post=1343"},{"taxonomy":"post_tag","embeddable":true,"href":"https:\/\/revistaepocadigital.com.ar\/index.php?rest_route=%2Fwp%2Fv2%2Ftags&post=1343"}],"curies":[{"name":"wp","href":"https:\/\/api.w.org\/{rel}","templated":true}]}}