{"id":1344,"date":"2019-01-22T00:59:01","date_gmt":"2019-01-22T03:59:01","guid":{"rendered":"https:\/\/revistaepocadigital.com.ar\/?p=1344"},"modified":"2019-01-22T00:59:01","modified_gmt":"2019-01-22T03:59:01","slug":"el-ingenio-al-servicio-de-la-estafa","status":"publish","type":"post","link":"https:\/\/revistaepocadigital.com.ar\/?p=1344","title":{"rendered":"EL INGENIO AL SERVICIO DE LA ESTAFA"},"content":{"rendered":"<p><strong>PERSONAL POLICIAL&#8230;<\/strong><!--more--><\/p>\n<p>perteneciente al <strong>Gabinete Criminol\u00f3gico de la Polic\u00eda Departamental de Exaltaci\u00f3n de la Cruz<\/strong>, desbarat\u00f3 a un grupo de personas que se dedicaban a estafar a habitantes de <strong>Los Cardales<\/strong> en especial, a los que llamaban por tel\u00e9fono para enga\u00f1arlos y perjudicarlos.<\/p>\n<p>Seg\u00fan el comunicado de prensa, la causa ha sido caratulada como <em>&#8220;Estafa en grado de tentativa&#8221;. <\/em>La polic\u00eda luego de la investigaci\u00f3n llevada a cabo procedi\u00f3 en la calle Urcelay entre Las Heras y Estrada de Cardales, a aprehender a un menor de 16 a\u00f1os perteneciente a una familia gitana. El joven minutos antes junto a tres personas m\u00e1s, habian efectuado llamados telef\u00f3nicos al vecino <strong>Ricardo Eduardo Ramos<\/strong> de 80 a\u00f1os, residente en <strong>Los Cardales.<\/strong><\/p>\n<figure id=\"attachment_1346\" aria-describedby=\"caption-attachment-1346\" style=\"width: 576px\" class=\"wp-caption aligncenter\"><img loading=\"lazy\" decoding=\"async\" class=\"size-large wp-image-1346\" src=\"https:\/\/revistaepocadigital.com.ar\/wp-content\/uploads\/2019\/01\/estafa-576x1024.jpg\" alt=\"\" width=\"576\" height=\"1024\" srcset=\"https:\/\/revistaepocadigital.com.ar\/wp-content\/uploads\/2019\/01\/estafa-576x1024.jpg 576w, https:\/\/revistaepocadigital.com.ar\/wp-content\/uploads\/2019\/01\/estafa-169x300.jpg 169w, https:\/\/revistaepocadigital.com.ar\/wp-content\/uploads\/2019\/01\/estafa-236x420.jpg 236w, https:\/\/revistaepocadigital.com.ar\/wp-content\/uploads\/2019\/01\/estafa-473x840.jpg 473w, https:\/\/revistaepocadigital.com.ar\/wp-content\/uploads\/2019\/01\/estafa.jpg 581w\" sizes=\"auto, (max-width: 576px) 100vw, 576px\" \/><figcaption id=\"caption-attachment-1346\" class=\"wp-caption-text\">El aprehendido de 16 a\u00f1os, luego recuper\u00f3 la libertad.<\/figcaption><\/figure>\n<p>Los supuestos estafadores, con el ardid de que <strong>Ramos<\/strong> deb\u00eda cambiar d\u00f3lares, intentaron cometer un il\u00edcito conocido como <strong>&#8220;el cuento del t\u00edo&#8221;<\/strong>. La polic\u00eda mont\u00f3 un operativo en forma discreta y con personal de civil, no obstante eso complices se dieron a la fuga en un Volkswagen Gol Tren blanco. En la causa en curso interviene la Fiscal\u00eda Fuero Penal Juvenil n\u00ba 01 a cargo del Dr. Ancurio, perteneciente al Departamento Judicial Zarate Campana. Una vez que tom\u00f3 nota el Dr. Nogueira, dispuso la notificaci\u00f3n y derechos del joven, adem\u00e1s certificar minoridad y domicilio. Luego el joven recuper\u00f3 la libetad (art. 161 CPP).<\/p>\n<p>El comunicado de prensa mencion\u00f3 adem\u00e1s que se cumplieron los <em>&#8220;recaudos legales&#8221;<\/em> y que el gabinete criminologico investiga la procedencia de la unidad y trabajaba para dar con los profugos <em>&#8220;que ser\u00edan de la etnia gitana&#8221;.<\/em><\/p>\n","protected":false},"excerpt":{"rendered":"<p>PERSONAL POLICIAL&#8230;<\/p>\n","protected":false},"author":3,"featured_media":1345,"comment_status":"open","ping_status":"open","sticky":false,"template":"","format":"standard","meta":{"footnotes":"","jetpack_publicize_message":"","jetpack_publicize_feature_enabled":true,"jetpack_social_post_already_shared":false,"jetpack_social_options":{"image_generator_settings":{"template":"highway","default_image_id":0,"font":"","enabled":false},"version":2}},"categories":[13],"tags":[37,163],"class_list":["post-1344","post","type-post","status-publish","format-standard","has-post-thumbnail","hentry","category-interes-general","tag-destacada","tag-estafas"],"jetpack_publicize_connections":[],"jetpack_featured_media_url":"https:\/\/revistaepocadigital.com.ar\/wp-content\/uploads\/2019\/01\/cuento.tio-idea.me_.jpeg","jetpack_likes_enabled":true,"_links":{"self":[{"href":"https:\/\/revistaepocadigital.com.ar\/index.php?rest_route=\/wp\/v2\/posts\/1344","targetHints":{"allow":["GET"]}}],"collection":[{"href":"https:\/\/revistaepocadigital.com.ar\/index.php?rest_route=\/wp\/v2\/posts"}],"about":[{"href":"https:\/\/revistaepocadigital.com.ar\/index.php?rest_route=\/wp\/v2\/types\/post"}],"author":[{"embeddable":true,"href":"https:\/\/revistaepocadigital.com.ar\/index.php?rest_route=\/wp\/v2\/users\/3"}],"replies":[{"embeddable":true,"href":"https:\/\/revistaepocadigital.com.ar\/index.php?rest_route=%2Fwp%2Fv2%2Fcomments&post=1344"}],"version-history":[{"count":0,"href":"https:\/\/revistaepocadigital.com.ar\/index.php?rest_route=\/wp\/v2\/posts\/1344\/revisions"}],"wp:featuredmedia":[{"embeddable":true,"href":"https:\/\/revistaepocadigital.com.ar\/index.php?rest_route=\/wp\/v2\/media\/1345"}],"wp:attachment":[{"href":"https:\/\/revistaepocadigital.com.ar\/index.php?rest_route=%2Fwp%2Fv2%2Fmedia&parent=1344"}],"wp:term":[{"taxonomy":"category","embeddable":true,"href":"https:\/\/revistaepocadigital.com.ar\/index.php?rest_route=%2Fwp%2Fv2%2Fcategories&post=1344"},{"taxonomy":"post_tag","embeddable":true,"href":"https:\/\/revistaepocadigital.com.ar\/index.php?rest_route=%2Fwp%2Fv2%2Ftags&post=1344"}],"curies":[{"name":"wp","href":"https:\/\/api.w.org\/{rel}","templated":true}]}}