{"id":13442,"date":"2021-10-31T22:27:24","date_gmt":"2021-11-01T01:27:24","guid":{"rendered":"https:\/\/revistaepocadigital.com.ar\/?p=13442"},"modified":"2021-10-31T22:28:27","modified_gmt":"2021-11-01T01:28:27","slug":"que-siga-el-baile-nuevo-espectaculo-de-fs-producciones","status":"publish","type":"post","link":"https:\/\/revistaepocadigital.com.ar\/?p=13442","title":{"rendered":"\u00a1Que siga el baile!, nuevo espect\u00e1culo de FS Producciones"},"content":{"rendered":"<div class=\"I_52qC D_FY W_6D6F\" data-test-id=\"message-view-body\">\n<div class=\"msg-body P_wpofO mq_AS\" data-test-id=\"message-view-body-content\">\n<div class=\"jb_0 X_6MGW N_6Fd5\">\n<div>\n<div id=\"yiv3792944158\">\n<div dir=\"ltr\">\n<div><b><b>ES LA NUEVA PROPUESTA MUSICAL DE FS PRODUCCIONES. EL 26 DE NOVIEMBRE.<\/b><\/b><\/p>\n<div class=\"I_52qC D_FY W_6D6F\" data-test-id=\"message-view-body\">\n<div class=\"msg-body P_wpofO mq_AS\" data-test-id=\"message-view-body-content\">\n<div class=\"jb_0 X_6MGW N_6Fd5\">\n<div>\n<div id=\"yiv3792944158\">\n<div dir=\"ltr\">\n<div><\/div>\n<\/div>\n<\/div>\n<\/div>\n<\/div>\n<\/div>\n<\/div>\n<p><!--more--><\/p>\n<\/div>\n<div><\/div>\n<div><b>La compa\u00f1\u00eda de Teatro Musical independiente, dirigida por Fabi\u00e1n Scovenna desde hace ya 14 a\u00f1os en Exaltaci\u00f3n de la Cruz.\u00a0<\/b><\/div>\n<div><\/div>\n<div><b>El espect\u00e1culo invita a compartir una noche distinta, llena de m\u00fasica, baile y grandes voces que deslumbrar\u00e1n a todos en un recorrido por las m\u00e1s grandes canciones del Teatro Musical y pel\u00edculas.<\/b><\/div>\n<\/div>\n<\/div>\n<\/div>\n<\/div>\n<div><\/div>\n<div class=\"jb_0 X_6MGW N_6Fd5\">\n<div>\n<div id=\"yiv3792944158\">\n<div dir=\"ltr\">\n<div><b>El show tendr\u00e1 una duraci\u00f3n de 60 minutos y se realizar\u00e1 en el SAL\u00d3N ROMA, frente a Plaza San Mart\u00edn de Capilla del Se\u00f1or. Ser\u00e1 apto para toda la familia y una muy buena opci\u00f3n para despedir el a\u00f1o entre amigos.<\/b><\/div>\n<div><\/div>\n<div><\/div>\n<div><span style=\"font-family: Candara, Optima, sans-serif;\"><b>Las entradas se adquieren enviando un WhatsApp al: 11-36257116 (FS) donde desde la Producci\u00f3n te enviar\u00e1n las entradas en formato digital y el protocolo vigente de funci\u00f3n.\u00a0<\/b><\/span><\/div>\n<div><\/div>\n<div>\n<p class=\"yiv3792944158_04xlpA yiv3792944158direction-ltr yiv3792944158align-center yiv3792944158para-style-body\"><b>ELENCO DE QUE SIGA EL SHOW\u00a0\u2b50\u00a02021:<br \/>\n<\/b><\/p>\n<\/div>\n<div>\n<p class=\"yiv3792944158_04xlpA yiv3792944158direction-ltr yiv3792944158align-center yiv3792944158para-style-body\"><b><span class=\"yiv3792944158JsGRdQ\">ALE ROSAS &#8211; ANA ACEBEDO &#8211; AGUS FRANCISCO &#8211; CAMILA MARTINEZ<\/span><\/b><\/p>\n<p class=\"yiv3792944158_04xlpA yiv3792944158direction-ltr yiv3792944158align-center yiv3792944158para-style-body\"><b><span class=\"yiv3792944158JsGRdQ\">CRIS PRADO &#8211; FABI\u00c1N SCOVENNA &#8211; FERNANDO RINC\u00d3N &#8211; FRAN Z\u00c1RATE<\/span><\/b><\/p>\n<p class=\"yiv3792944158_04xlpA yiv3792944158direction-ltr yiv3792944158align-center yiv3792944158para-style-body\"><b><span class=\"yiv3792944158JsGRdQ\">GRACIELA D\u00cdAZ &#8211; IRINA CONIL &#8211; JIME REINA &#8211; JEREM\u00cdAS ESCOBAR<\/span><\/b><\/p>\n<p class=\"yiv3792944158_04xlpA yiv3792944158direction-ltr yiv3792944158align-center yiv3792944158para-style-body\"><b><span class=\"yiv3792944158JsGRdQ\">LULA VARELA &#8211; LULI FRANCO &#8211; LUCAS D\u00cdAZ &#8211; LORENA SU\u00c1REZ- MAR LUNA<\/span><\/b><\/p>\n<p class=\"yiv3792944158_04xlpA yiv3792944158direction-ltr yiv3792944158align-center yiv3792944158para-style-body\"><span class=\"yiv3792944158JsGRdQ\"><b>NATY CABRERA &#8211; REINA FLORES &#8211; ROSALIA D\u00cdAZ DE VIVAR &#8211; TONY LASTRE<\/b><\/span><\/p>\n<div class=\"yiv3792944158_04xlpA yiv3792944158direction-ltr yiv3792944158align-center yiv3792944158para-style-body\"><span style=\"font-family: Candara, Optima, sans-serif;\"><b>DIRECCI\u00d3N GENERAL Y PUESTA EN ESCENA: FABI\u00c1N SCOVENNA<\/b><\/span><\/div>\n<div class=\"yiv3792944158_04xlpA yiv3792944158direction-ltr yiv3792944158align-center yiv3792944158para-style-body\"><span style=\"font-family: Candara, Optima, sans-serif;\"><b>ARREGLOS CORALES: ADALBERTO LAVALLEN<\/b><\/span><\/div>\n<div class=\"yiv3792944158_04xlpA yiv3792944158direction-ltr yiv3792944158align-center yiv3792944158para-style-body\"><span style=\"font-family: Candara, Optima, sans-serif;\"><b>COREOGRAF\u00cdAS: CAMILA MART\u00cdNEZ<\/b><\/span><\/div>\n<div class=\"yiv3792944158_04xlpA yiv3792944158direction-ltr yiv3792944158align-center yiv3792944158para-style-body\"><span style=\"font-family: Candara, Optima, sans-serif;\"><b>TODA LA INFO DE ESTE Y TODOS NUESTROS ESPECT\u00c1CULOS SEGUILOS EN @FSPRODUCCIONES (INSTAGRAM Y FACEBOOK)\u00a0<\/b><\/span><\/div>\n<\/div>\n<div><\/div>\n<div><\/div>\n<\/div>\n<\/div>\n<\/div>\n<\/div>\n<\/div>\n<\/div>\n<p><!--more--><\/p>\n<div class=\"H_7jIs D_F ab_C Q_69H5 E_36RhU\" data-test-id=\"toolbar-hover-area\">\n<div class=\"D_F W_6D6F r_BN gl_C\" data-test-id=\"card-toolbar\">\n<div class=\"D_F ab_C en_0 b_Z14vXdP e_3mS2U I_52qC P_Z1otBpf\">\n<p><img loading=\"lazy\" decoding=\"async\" class=\"aligncenter size-full wp-image-13446\" src=\"https:\/\/revistaepocadigital.com.ar\/wp-content\/uploads\/2021\/10\/thumbnail-3-1.jpg\" alt=\"\" width=\"1080\" height=\"1080\" srcset=\"https:\/\/revistaepocadigital.com.ar\/wp-content\/uploads\/2021\/10\/thumbnail-3-1.jpg 1080w, https:\/\/revistaepocadigital.com.ar\/wp-content\/uploads\/2021\/10\/thumbnail-3-1-300x300.jpg 300w, https:\/\/revistaepocadigital.com.ar\/wp-content\/uploads\/2021\/10\/thumbnail-3-1-150x150.jpg 150w, https:\/\/revistaepocadigital.com.ar\/wp-content\/uploads\/2021\/10\/thumbnail-3-1-768x768.jpg 768w, https:\/\/revistaepocadigital.com.ar\/wp-content\/uploads\/2021\/10\/thumbnail-3-1-696x696.jpg 696w, https:\/\/revistaepocadigital.com.ar\/wp-content\/uploads\/2021\/10\/thumbnail-3-1-1068x1068.jpg 1068w, https:\/\/revistaepocadigital.com.ar\/wp-content\/uploads\/2021\/10\/thumbnail-3-1-420x420.jpg 420w, https:\/\/revistaepocadigital.com.ar\/wp-content\/uploads\/2021\/10\/thumbnail-3-1-840x840.jpg 840w\" sizes=\"auto, (max-width: 1080px) 100vw, 1080px\" \/><\/p>\n<\/div>\n<\/div>\n<\/div>\n","protected":false},"excerpt":{"rendered":"<p>ES LA NUEVA PROPUESTA MUSICAL DE FS PRODUCCIONES. EL 26 DE NOVIEMBRE.<\/p>\n","protected":false},"author":3,"featured_media":13446,"comment_status":"open","ping_status":"open","sticky":false,"template":"","format":"standard","meta":{"footnotes":"","jetpack_publicize_message":"","jetpack_publicize_feature_enabled":true,"jetpack_social_post_already_shared":false,"jetpack_social_options":{"image_generator_settings":{"template":"highway","default_image_id":0,"font":"","enabled":false},"version":2}},"categories":[12],"tags":[83,1641],"class_list":["post-13442","post","type-post","status-publish","format-standard","has-post-thumbnail","hentry","category-espectaculos","tag-scovenna","tag-teatro"],"jetpack_publicize_connections":[],"jetpack_featured_media_url":"https:\/\/revistaepocadigital.com.ar\/wp-content\/uploads\/2021\/10\/thumbnail-3-1.jpg","jetpack_likes_enabled":true,"_links":{"self":[{"href":"https:\/\/revistaepocadigital.com.ar\/index.php?rest_route=\/wp\/v2\/posts\/13442","targetHints":{"allow":["GET"]}}],"collection":[{"href":"https:\/\/revistaepocadigital.com.ar\/index.php?rest_route=\/wp\/v2\/posts"}],"about":[{"href":"https:\/\/revistaepocadigital.com.ar\/index.php?rest_route=\/wp\/v2\/types\/post"}],"author":[{"embeddable":true,"href":"https:\/\/revistaepocadigital.com.ar\/index.php?rest_route=\/wp\/v2\/users\/3"}],"replies":[{"embeddable":true,"href":"https:\/\/revistaepocadigital.com.ar\/index.php?rest_route=%2Fwp%2Fv2%2Fcomments&post=13442"}],"version-history":[{"count":0,"href":"https:\/\/revistaepocadigital.com.ar\/index.php?rest_route=\/wp\/v2\/posts\/13442\/revisions"}],"wp:featuredmedia":[{"embeddable":true,"href":"https:\/\/revistaepocadigital.com.ar\/index.php?rest_route=\/wp\/v2\/media\/13446"}],"wp:attachment":[{"href":"https:\/\/revistaepocadigital.com.ar\/index.php?rest_route=%2Fwp%2Fv2%2Fmedia&parent=13442"}],"wp:term":[{"taxonomy":"category","embeddable":true,"href":"https:\/\/revistaepocadigital.com.ar\/index.php?rest_route=%2Fwp%2Fv2%2Fcategories&post=13442"},{"taxonomy":"post_tag","embeddable":true,"href":"https:\/\/revistaepocadigital.com.ar\/index.php?rest_route=%2Fwp%2Fv2%2Ftags&post=13442"}],"curies":[{"name":"wp","href":"https:\/\/api.w.org\/{rel}","templated":true}]}}