{"id":13458,"date":"2021-11-08T01:40:51","date_gmt":"2021-11-08T04:40:51","guid":{"rendered":"https:\/\/revistaepocadigital.com.ar\/?p=13458"},"modified":"2021-11-08T14:34:14","modified_gmt":"2021-11-08T17:34:14","slug":"pelota-de-trapo-deportivo-capilla-amor-por-el-futbol","status":"publish","type":"post","link":"https:\/\/revistaepocadigital.com.ar\/?p=13458","title":{"rendered":"Pelota de Trapo, Deportivo Capilla, amor por el f\u00fatbol"},"content":{"rendered":"<div dir=\"ltr\"><strong>COMENT\u00d3 LUCIANO MIRANDEBORDE. Pelota de Trapo campe\u00f3n del Mundialito en Pilar.<\/strong><\/div>\n<p><!--more--><\/p>\n<div dir=\"ltr\"><\/div>\n<div dir=\"ltr\"><em>&#8220;Este proyecto se inici\u00f3 en el 2018, cuando lleg\u00f3 la invitaci\u00f3n de la Liga de Pilar para jugar en sus campeonatos. Y nos pareci\u00f3 importante, as\u00ed que se acept\u00f3 y participamos\u00a0 con el equipo con el nombre de &#8220;Pelota de Trapo&#8221;<\/em>&#8211;<\/div>\n<div dir=\"ltr\"><\/div>\n<div dir=\"ltr\">A ese equipo, ampl\u00eda Mirandeborde,<em> &#8220;lo dirig\u00eda el Bocha Hern\u00e1ndez y yo; el preparador f\u00edsico era Horacio Nackle. Y la verdad, las cosas salieron muy bien y noss consagramos campeon. Un gran logro despu\u00e9s de 25 a\u00f1os!. El \u00faltimo club local en ganar un campeonato en una liga, hab\u00eda sido el Club Honor y Patria en la Liga campanense&#8221;.<\/em><\/div>\n<div dir=\"ltr\"><\/div>\n<div dir=\"ltr\"><em>&#8220;M\u00e1s tarde &#8211;<\/em>apunta Luciano-<em> se decidi\u00f3 cambiar el nombre de Deportivo Capilla, as\u00ed de ese modo, no utilizar el nombre de la escuelita Pelotea de Trapo. En la Liga de Pilar, tuvimos que remarla contra todos los obst\u00e1culos: \u00e1rbitros, quita de 13 puntos, uh!; pero bueh!, pese a todo se gan\u00f3 el campeonato&#8221;.<\/em><\/div>\n<div dir=\"ltr\"><\/div>\n<div dir=\"ltr\">El siguiente paso fue sumarse a la Liga de Luj\u00e1n, y remarca Mirandeborde, <em>&#8220;gracias al futbol y a tener gente amiga que se interes\u00f3, fu\u00edmos invitados a jugar en la Liga de Luj\u00e1n- Y sin dudarlo, all\u00e1 fu\u00edmos. Entramos a una liga m\u00e1s competitiva y dif\u00edcil, y por suerte con 6 meses de vida apenas, el Deportivo Capilla volvi\u00f3 a salir campe\u00f3n. Jugamos una final tremenda, y derrotamos a Mart\u00edn Rodr\u00edguez en su propia cancha. Esa vez, en mi caso, acompa\u00f1\u00e9 lo m\u00e1s que pude estar, dado que estaba ligado a la escuelita Pelota de Trapo. Aquel t\u00edtulo realmente fue m\u00e9rito de los jugadores. cuerpo tecnico y la comisi\u00f3n directiva que labura con todo a puro pulm\u00f3n, dejando de lado tantas veces a sus familias todos los fines de semana.<\/em><\/div>\n<div dir=\"ltr\"><\/div>\n<div dir=\"ltr\"><em>&#8220;En enero venidero, si Dios quiere, jugar\u00e1n el torneo nocturno organizado por la liga zarate\u00f1a que, sin dudas, es la m\u00e1s dif\u00edcil de la zona&#8221;<\/em>. La pelota\u00a0 y la pasi\u00f3n por el f\u00fatbol como lo ratifica Mirandeborde, siguen corriendo.<\/div>\n<div dir=\"ltr\"><\/div>\n<div dir=\"ltr\"><\/div>\n<div dir=\"ltr\">\n<div class=\"\" dir=\"auto\">\n<div id=\"jsc_c_37\" class=\"ecm0bbzt hv4rvrfc ihqw7lf3 dati1w0a\" data-ad-comet-preview=\"message\" data-ad-preview=\"message\">\n<div class=\"j83agx80 cbu4d94t ew0dbk1b irj2b8pg\">\n<div class=\"qzhwtbm6 knvmm38d\">\n<div class=\"kvgmc6g5 cxmmr5t8 oygrvhab hcukyx3x c1et5uql ii04i59q\">\n<div dir=\"auto\"><strong>\u00a1CAMPEONES!<\/strong><\/div>\n<div dir=\"auto\"><\/div>\n<\/div>\n<div class=\"o9v6fnle cxmmr5t8 oygrvhab hcukyx3x c1et5uql ii04i59q\">\n<div dir=\"auto\">Las categor\u00edas 2008\/9 de la Escuela Municipal Pelota de Trapo, se convirtieron en los campeones del Mundialito de la Liga Comunitaria de Pilar.<\/div>\n<\/div>\n<\/div>\n<\/div>\n<\/div>\n<\/div>\n<\/div>\n<div dir=\"auto\"><\/div>\n<div dir=\"auto\"><img loading=\"lazy\" decoding=\"async\" class=\"aligncenter size-full wp-image-13522\" src=\"https:\/\/revistaepocadigital.com.ar\/wp-content\/uploads\/2021\/11\/PELOTA-TRAP0-21.jpg\" alt=\"\" width=\"960\" height=\"552\" srcset=\"https:\/\/revistaepocadigital.com.ar\/wp-content\/uploads\/2021\/11\/PELOTA-TRAP0-21.jpg 960w, https:\/\/revistaepocadigital.com.ar\/wp-content\/uploads\/2021\/11\/PELOTA-TRAP0-21-300x173.jpg 300w, https:\/\/revistaepocadigital.com.ar\/wp-content\/uploads\/2021\/11\/PELOTA-TRAP0-21-768x442.jpg 768w, https:\/\/revistaepocadigital.com.ar\/wp-content\/uploads\/2021\/11\/PELOTA-TRAP0-21-696x400.jpg 696w, https:\/\/revistaepocadigital.com.ar\/wp-content\/uploads\/2021\/11\/PELOTA-TRAP0-21-730x420.jpg 730w\" sizes=\"auto, (max-width: 960px) 100vw, 960px\" \/><\/div>\n<div dir=\"auto\"><\/div>\n<div dir=\"ltr\">\n<div class=\"\" dir=\"auto\">\n<div id=\"jsc_c_37\" class=\"ecm0bbzt hv4rvrfc ihqw7lf3 dati1w0a\" data-ad-comet-preview=\"message\" data-ad-preview=\"message\">\n<div class=\"j83agx80 cbu4d94t ew0dbk1b irj2b8pg\">\n<div class=\"qzhwtbm6 knvmm38d\">\n<div class=\"o9v6fnle cxmmr5t8 oygrvhab hcukyx3x c1et5uql ii04i59q\">\n<div dir=\"auto\">Desde la comuna, felicitaron por el logro: &#8220;Felicitaciones Coco Mirandeborde por tantos a\u00f1os de formar j\u00f3venes en este proyecto, y adem\u00e1s por este gran resultado&#8221;, expres\u00f3 el Intendente Diego Nanni<\/div>\n<\/div>\n<\/div>\n<\/div>\n<\/div>\n<\/div>\n<\/div>\n","protected":false},"excerpt":{"rendered":"<p>COMENT\u00d3 LUCIANO MIRANDEBORDE. Pelota de Trapo campe\u00f3n del Mundialito en Pilar.<\/p>\n","protected":false},"author":4,"featured_media":13512,"comment_status":"open","ping_status":"open","sticky":false,"template":"","format":"standard","meta":{"footnotes":"","jetpack_publicize_message":"","jetpack_publicize_feature_enabled":true,"jetpack_social_post_already_shared":false,"jetpack_social_options":{"image_generator_settings":{"template":"highway","default_image_id":0,"font":"","enabled":false},"version":2}},"categories":[9],"tags":[451,35,128,127],"class_list":["post-13458","post","type-post","status-publish","format-standard","has-post-thumbnail","hentry","category-deportes","tag-campeones","tag-deportivo-capilla","tag-mirandeborde","tag-pelota-de-trapo"],"jetpack_publicize_connections":[],"jetpack_featured_media_url":"https:\/\/revistaepocadigital.com.ar\/wp-content\/uploads\/2021\/11\/mirande.jpg","jetpack_likes_enabled":true,"_links":{"self":[{"href":"https:\/\/revistaepocadigital.com.ar\/index.php?rest_route=\/wp\/v2\/posts\/13458","targetHints":{"allow":["GET"]}}],"collection":[{"href":"https:\/\/revistaepocadigital.com.ar\/index.php?rest_route=\/wp\/v2\/posts"}],"about":[{"href":"https:\/\/revistaepocadigital.com.ar\/index.php?rest_route=\/wp\/v2\/types\/post"}],"author":[{"embeddable":true,"href":"https:\/\/revistaepocadigital.com.ar\/index.php?rest_route=\/wp\/v2\/users\/4"}],"replies":[{"embeddable":true,"href":"https:\/\/revistaepocadigital.com.ar\/index.php?rest_route=%2Fwp%2Fv2%2Fcomments&post=13458"}],"version-history":[{"count":0,"href":"https:\/\/revistaepocadigital.com.ar\/index.php?rest_route=\/wp\/v2\/posts\/13458\/revisions"}],"wp:featuredmedia":[{"embeddable":true,"href":"https:\/\/revistaepocadigital.com.ar\/index.php?rest_route=\/wp\/v2\/media\/13512"}],"wp:attachment":[{"href":"https:\/\/revistaepocadigital.com.ar\/index.php?rest_route=%2Fwp%2Fv2%2Fmedia&parent=13458"}],"wp:term":[{"taxonomy":"category","embeddable":true,"href":"https:\/\/revistaepocadigital.com.ar\/index.php?rest_route=%2Fwp%2Fv2%2Fcategories&post=13458"},{"taxonomy":"post_tag","embeddable":true,"href":"https:\/\/revistaepocadigital.com.ar\/index.php?rest_route=%2Fwp%2Fv2%2Ftags&post=13458"}],"curies":[{"name":"wp","href":"https:\/\/api.w.org\/{rel}","templated":true}]}}