{"id":13492,"date":"2021-11-05T09:48:03","date_gmt":"2021-11-05T12:48:03","guid":{"rendered":"https:\/\/revistaepocadigital.com.ar\/?p=13492"},"modified":"2021-11-05T10:05:22","modified_gmt":"2021-11-05T13:05:22","slug":"campari-invertira-250-millones-en-su-planta-en-capilla-del-senor","status":"publish","type":"post","link":"https:\/\/revistaepocadigital.com.ar\/?p=13492","title":{"rendered":"Campari invertir\u00e1 $250 millones en su planta en Capilla del Se\u00f1or"},"content":{"rendered":"<p><strong>LO ANUNCI\u00d3 EL EMBAJADOR EN BRASIL, DANIEL SCIOLI.<\/strong><!--more--><\/p>\n<p><em>\u00a1M\u00e1s inversiones para Argentina que generan divisas y empleos genuinos!<\/em><\/p>\n<p><em>Nos reunimos con @CampariARG<\/em><br \/>\n<em>que anunci\u00f3 sus planes de inversi\u00f3n en los pr\u00f3ximos a\u00f1os por m\u00e1s de $250 millones en su planta en Capilla del Se\u00f1or, Provincia de Buenos Aires.<\/em><\/p>\n<p>El tuit de Scioli, anunciando la importante inversi\u00f3n.<\/p>\n<p style=\"text-align: center;\"><strong>&#8212;&#8212;&#8212;&#8211;<\/strong><\/p>\n<p>La empresa Campari radicada en Capilla del Se\u00f1or desde hace m\u00e1s de tres d\u00e9cadas, concretar\u00e1 una millonaria inversi\u00f3n en su planta ubicada en las inmediaciones de la ciudad, sobre ruta 39.<\/p>\n<p>Las relaciones bilaterales entre Brasil y la Argentina son fundamentales para las econom\u00edas de ambos pa\u00edses, en particular para el nuestro. Por eso, en este caso, se le otorga mucha importancia a la inversi\u00f3n a realizar por Campari. Luego que el gobernador bonaerense, Axel Kicillof, realizara un viaje rel\u00e1mpago a San Pablo, Brasil, el embajador Daniel Scioli comunic\u00f3 que la empresa Campari <em>\u201canunci\u00f3 planes de inversi\u00f3n en los pr\u00f3ximos a\u00f1os por m\u00e1s de $250 millones\u201d<\/em> en Argentina.<\/p>\n<p>&nbsp;<\/p>\n<p><strong><img loading=\"lazy\" decoding=\"async\" class=\"aligncenter size-full wp-image-13497\" src=\"https:\/\/revistaepocadigital.com.ar\/wp-content\/uploads\/2021\/11\/scio.webp\" alt=\"\" width=\"770\" height=\"440\" srcset=\"https:\/\/revistaepocadigital.com.ar\/wp-content\/uploads\/2021\/11\/scio.webp 770w, https:\/\/revistaepocadigital.com.ar\/wp-content\/uploads\/2021\/11\/scio-300x171.webp 300w, https:\/\/revistaepocadigital.com.ar\/wp-content\/uploads\/2021\/11\/scio-768x439.webp 768w, https:\/\/revistaepocadigital.com.ar\/wp-content\/uploads\/2021\/11\/scio-696x398.webp 696w, https:\/\/revistaepocadigital.com.ar\/wp-content\/uploads\/2021\/11\/scio-735x420.webp 735w\" sizes=\"auto, (max-width: 770px) 100vw, 770px\" \/><\/strong><\/p>\n<p><em>Scioli, Kicillof junto a ejecutivos de Campari.<\/em><\/p>\n<p>&nbsp;<\/p>\n<p>Las inversiones se realizar\u00e1n en la planta que la compa\u00f1\u00eda posee en Capilla del Se\u00f1or, provincia de Buenos Aires. El ex mandatario provincial y actual embajador en el pa\u00eds vecino celebr\u00f3 la iniciativa y escribi\u00f3 como se ha mencionado, en su cuenta personal de Twitter.<\/p>\n<p><b>Planta de Capilla del Se\u00f1or \u2013 Informaci\u00f3n t\u00e9cnica<\/b><\/p>\n<p>* Superficie total: 100.000m2.<br \/>\n* \u00c1rea construida: 21.600m2.<br \/>\n* Inversi\u00f3n: 5 millones de euros.<br \/>\n* Cantidad de empleados: 66.<br \/>\n* Certificaciones: ISO 9001-2009 (ya certificadas).<br \/>\n* ISO 14001, OHSAS 18001 e ISO 22001 (para la certificaci\u00f3n en el a\u00f1o 2013).<br \/>\n* L\u00edneas de producci\u00f3n: Cuatro.<br \/>\n* Capacidad de producci\u00f3n total (anual): 25,8 millones de litros.<\/p>\n<p><b>Planta de Capilla del Se\u00f1or \u2013 Curiosidades<\/b><\/p>\n<p>Para la construcci\u00f3n de la Planta se utilizaron casi 50.000 horas de trabajo, divididas en:<\/p>\n<p>* Trabajos en tierra = 1.600.h \/ 6,200 m3.<br \/>\n* Construcci\u00f3n = 32.000.h<br \/>\n* Instalaciones el\u00e9ctricas = 4.100.h<br \/>\n* Ca\u00f1er\u00edas = 6.700.h<br \/>\n* Construcci\u00f3n de tanques de la planta= 5.000.h<\/p>\n<p>La ingenier\u00eda, compras de equipo y contratos de servicio fueron realizados por el personal permanente, sin dejar de lado sus responsabilidades diarias.<\/p>\n","protected":false},"excerpt":{"rendered":"<p>LO ANUNCI\u00d3 EL EMBAJADOR EN BRASIL, DANIEL SCIOLI.<\/p>\n","protected":false},"author":4,"featured_media":13500,"comment_status":"open","ping_status":"open","sticky":false,"template":"","format":"standard","meta":{"footnotes":"","jetpack_publicize_message":"","jetpack_publicize_feature_enabled":true,"jetpack_social_post_already_shared":false,"jetpack_social_options":{"image_generator_settings":{"template":"highway","default_image_id":0,"font":"","enabled":false},"version":2}},"categories":[17],"tags":[1661,1660],"class_list":["post-13492","post","type-post","status-publish","format-standard","has-post-thumbnail","hentry","category-politica","tag-campari","tag-scioli"],"jetpack_publicize_connections":[],"jetpack_featured_media_url":"https:\/\/revistaepocadigital.com.ar\/wp-content\/uploads\/2021\/11\/campari.png","jetpack_likes_enabled":true,"_links":{"self":[{"href":"https:\/\/revistaepocadigital.com.ar\/index.php?rest_route=\/wp\/v2\/posts\/13492","targetHints":{"allow":["GET"]}}],"collection":[{"href":"https:\/\/revistaepocadigital.com.ar\/index.php?rest_route=\/wp\/v2\/posts"}],"about":[{"href":"https:\/\/revistaepocadigital.com.ar\/index.php?rest_route=\/wp\/v2\/types\/post"}],"author":[{"embeddable":true,"href":"https:\/\/revistaepocadigital.com.ar\/index.php?rest_route=\/wp\/v2\/users\/4"}],"replies":[{"embeddable":true,"href":"https:\/\/revistaepocadigital.com.ar\/index.php?rest_route=%2Fwp%2Fv2%2Fcomments&post=13492"}],"version-history":[{"count":0,"href":"https:\/\/revistaepocadigital.com.ar\/index.php?rest_route=\/wp\/v2\/posts\/13492\/revisions"}],"wp:featuredmedia":[{"embeddable":true,"href":"https:\/\/revistaepocadigital.com.ar\/index.php?rest_route=\/wp\/v2\/media\/13500"}],"wp:attachment":[{"href":"https:\/\/revistaepocadigital.com.ar\/index.php?rest_route=%2Fwp%2Fv2%2Fmedia&parent=13492"}],"wp:term":[{"taxonomy":"category","embeddable":true,"href":"https:\/\/revistaepocadigital.com.ar\/index.php?rest_route=%2Fwp%2Fv2%2Fcategories&post=13492"},{"taxonomy":"post_tag","embeddable":true,"href":"https:\/\/revistaepocadigital.com.ar\/index.php?rest_route=%2Fwp%2Fv2%2Ftags&post=13492"}],"curies":[{"name":"wp","href":"https:\/\/api.w.org\/{rel}","templated":true}]}}