{"id":13503,"date":"2021-11-05T11:15:43","date_gmt":"2021-11-05T14:15:43","guid":{"rendered":"https:\/\/revistaepocadigital.com.ar\/?p=13503"},"modified":"2021-11-05T11:26:28","modified_gmt":"2021-11-05T14:26:28","slug":"grave-para-los-bomberos-el-incendio-en-el-basural-fue-intencional","status":"publish","type":"post","link":"https:\/\/revistaepocadigital.com.ar\/?p=13503","title":{"rendered":"GRAVE: PARA LOS BOMBEROS EL INCENDIO EN EL BASURAL FUE INTENCIONAL"},"content":{"rendered":"<div class=\"kvgmc6g5 cxmmr5t8 oygrvhab hcukyx3x c1et5uql ii04i59q\">\n<div dir=\"auto\"><strong>EL PREDIO.<\/strong><\/div>\n<\/div>\n<p><!--more--><\/p>\n<div dir=\"auto\"><\/div>\n<div dir=\"auto\">Ubicado a escasos kil\u00f3metros de Capilla del Se\u00f1or, se vio alterado (4\/11) durante la noche, al registrarse un voraz incendio que, seg\u00fan indicios, habr\u00eda sido intencional<\/div>\n<div dir=\"auto\"><\/div>\n<div class=\"o9v6fnle cxmmr5t8 oygrvhab hcukyx3x c1et5uql ii04i59q\">\n<div dir=\"auto\">El fuego se gener\u00f3 en el sector de ramas del denominado Complejo Ambiental en Capilla del Se\u00f1or, ubicado a unos mil metros del sector construido para alojar la maquinaria nueva para optimizar el tratamiento de los residuos. Fueron detectados cuatro focos de incendios en restos de podas durante la madrugada (5\/11).<\/div>\n<\/div>\n<div dir=\"auto\"><\/div>\n<div dir=\"auto\"><img loading=\"lazy\" decoding=\"async\" class=\"aligncenter size-full wp-image-13508\" src=\"https:\/\/revistaepocadigital.com.ar\/wp-content\/uploads\/2021\/11\/ince2.jpg\" alt=\"\" width=\"960\" height=\"736\" srcset=\"https:\/\/revistaepocadigital.com.ar\/wp-content\/uploads\/2021\/11\/ince2.jpg 960w, https:\/\/revistaepocadigital.com.ar\/wp-content\/uploads\/2021\/11\/ince2-300x230.jpg 300w, https:\/\/revistaepocadigital.com.ar\/wp-content\/uploads\/2021\/11\/ince2-768x589.jpg 768w, https:\/\/revistaepocadigital.com.ar\/wp-content\/uploads\/2021\/11\/ince2-80x60.jpg 80w, https:\/\/revistaepocadigital.com.ar\/wp-content\/uploads\/2021\/11\/ince2-696x534.jpg 696w, https:\/\/revistaepocadigital.com.ar\/wp-content\/uploads\/2021\/11\/ince2-548x420.jpg 548w\" sizes=\"auto, (max-width: 960px) 100vw, 960px\" \/><\/div>\n<div class=\"o9v6fnle cxmmr5t8 oygrvhab hcukyx3x c1et5uql ii04i59q\">\n<div dir=\"auto\"><\/div>\n<\/div>\n<div class=\"o9v6fnle cxmmr5t8 oygrvhab hcukyx3x c1et5uql ii04i59q\">\n<div dir=\"auto\">El predio en la entrada cuenta con vigilancia y se instalaron camaras de seguridad. El incendio se habr\u00eda iniciado a unos mil metros del ingreso y, seg\u00fan Bomberos Voluntarios de Capilla del Se\u00f1or, el siniestro pudo ser intencional. El fuego luego de ardua labor de los Bomberos, fue controlado. Resulta m\u00e1s que necesario, que semejante episodio muy cercano al casco urbano de Capilla del Se\u00f1or, sea investigado y, desde ya aclarado. Lo ocurrido tambi\u00e9n se meti\u00f3 en la campa\u00f1a electoral previa a las elecciones inminentes del 14 de noviembre; el candidato a concejal en primer t\u00e9rmino por la coalici\u00f3n Juntos, Ra\u00fal Sancho, como es muy frecuente utiliz\u00f3 las redes sociales para fijar su posici\u00f3n en un tono duro hacia el oficialismo, &#8220;30 a\u00f1os gobernando y lo \u00fanico que tienen para decir en la campa\u00f1a, es que la oposici\u00f3n incendi\u00f3 el basural?&#8221;. Los intereses pol\u00edticos, m\u00e1s a\u00fan en estos tiempos eleccionarios, tambi\u00e9n juegan su rol. Que prive un \u00fanico inter\u00e9s, el de los vecinos.<\/div>\n<div dir=\"auto\"><\/div>\n<div dir=\"auto\"><\/div>\n<\/div>\n<div dir=\"auto\">Fuente: Info Exaltaci\u00f3n<\/div>\n<div dir=\"auto\">Fotos: gentileza vecinos<\/div>\n","protected":false},"excerpt":{"rendered":"<p>EL PREDIO.<\/p>\n","protected":false},"author":4,"featured_media":13507,"comment_status":"open","ping_status":"open","sticky":false,"template":"","format":"standard","meta":{"footnotes":"","jetpack_publicize_message":"","jetpack_publicize_feature_enabled":true,"jetpack_social_post_already_shared":false,"jetpack_social_options":{"image_generator_settings":{"template":"highway","default_image_id":0,"font":"","enabled":false},"version":2}},"categories":[13],"tags":[],"class_list":["post-13503","post","type-post","status-publish","format-standard","has-post-thumbnail","hentry","category-interes-general"],"jetpack_publicize_connections":[],"jetpack_featured_media_url":"https:\/\/revistaepocadigital.com.ar\/wp-content\/uploads\/2021\/11\/ince1.jpg","jetpack_likes_enabled":true,"_links":{"self":[{"href":"https:\/\/revistaepocadigital.com.ar\/index.php?rest_route=\/wp\/v2\/posts\/13503","targetHints":{"allow":["GET"]}}],"collection":[{"href":"https:\/\/revistaepocadigital.com.ar\/index.php?rest_route=\/wp\/v2\/posts"}],"about":[{"href":"https:\/\/revistaepocadigital.com.ar\/index.php?rest_route=\/wp\/v2\/types\/post"}],"author":[{"embeddable":true,"href":"https:\/\/revistaepocadigital.com.ar\/index.php?rest_route=\/wp\/v2\/users\/4"}],"replies":[{"embeddable":true,"href":"https:\/\/revistaepocadigital.com.ar\/index.php?rest_route=%2Fwp%2Fv2%2Fcomments&post=13503"}],"version-history":[{"count":0,"href":"https:\/\/revistaepocadigital.com.ar\/index.php?rest_route=\/wp\/v2\/posts\/13503\/revisions"}],"wp:featuredmedia":[{"embeddable":true,"href":"https:\/\/revistaepocadigital.com.ar\/index.php?rest_route=\/wp\/v2\/media\/13507"}],"wp:attachment":[{"href":"https:\/\/revistaepocadigital.com.ar\/index.php?rest_route=%2Fwp%2Fv2%2Fmedia&parent=13503"}],"wp:term":[{"taxonomy":"category","embeddable":true,"href":"https:\/\/revistaepocadigital.com.ar\/index.php?rest_route=%2Fwp%2Fv2%2Fcategories&post=13503"},{"taxonomy":"post_tag","embeddable":true,"href":"https:\/\/revistaepocadigital.com.ar\/index.php?rest_route=%2Fwp%2Fv2%2Ftags&post=13503"}],"curies":[{"name":"wp","href":"https:\/\/api.w.org\/{rel}","templated":true}]}}