{"id":13571,"date":"2021-11-12T01:41:08","date_gmt":"2021-11-12T04:41:08","guid":{"rendered":"https:\/\/revistaepocadigital.com.ar\/?p=13571"},"modified":"2021-11-12T01:41:08","modified_gmt":"2021-11-12T04:41:08","slug":"riesgo-de-incendios-en-barrios-parque","status":"publish","type":"post","link":"https:\/\/revistaepocadigital.com.ar\/?p=13571","title":{"rendered":"RIESGO DE INCENDIOS EN BARRIOS PARQUE"},"content":{"rendered":"<div class=\"kvgmc6g5 cxmmr5t8 oygrvhab hcukyx3x c1et5uql ii04i59q\">\n<div dir=\"auto\"><strong>CHARLA SOBRE CONCIENTIZACI\u00d3N.<\/strong><\/div>\n<div dir=\"auto\"><\/div>\n<\/div>\n<p><!--more--><\/p>\n<div class=\"o9v6fnle cxmmr5t8 oygrvhab hcukyx3x c1et5uql ii04i59q\">\n<div dir=\"auto\">El s\u00e1bado 13 de noviembre, el Municipio organiza una charla de concientizaci\u00f3n sobre el riesgo de incendio en barrios parque, poniendo el foco en la prevenci\u00f3n de esos siniestros y las consecuencias que podr\u00edan acarrear.<\/div>\n<\/div>\n<div class=\"o9v6fnle cxmmr5t8 oygrvhab hcukyx3x c1et5uql ii04i59q\">\n<div dir=\"auto\">La actividad comienza a las 11 horas, se concreta en la sede de la Sociedad de Fomento El Remanso y en ese caso se abordar\u00e1 el tema \u201cEstrategias de prevenci\u00f3n comunitaria\u201d.<\/div>\n<\/div>\n<div class=\"o9v6fnle cxmmr5t8 oygrvhab hcukyx3x c1et5uql ii04i59q\">\n<div dir=\"auto\">El encuentro es organizado por la direcci\u00f3n de Reducci\u00f3n de Riesgo y Protecci\u00f3n Civil que conduce Alejandro Saavedra, y tendr\u00e1 acceso completamente libre y gratuito.<\/div>\n<\/div>\n","protected":false},"excerpt":{"rendered":"<p>CHARLA SOBRE CONCIENTIZACI\u00d3N.<\/p>\n","protected":false},"author":3,"featured_media":13574,"comment_status":"open","ping_status":"open","sticky":false,"template":"","format":"standard","meta":{"footnotes":"","jetpack_publicize_message":"","jetpack_publicize_feature_enabled":true,"jetpack_social_post_already_shared":false,"jetpack_social_options":{"image_generator_settings":{"template":"highway","default_image_id":0,"font":"","enabled":false},"version":2}},"categories":[5],"tags":[],"class_list":["post-13571","post","type-post","status-publish","format-standard","has-post-thumbnail","hentry","category-aqui-parada-robles"],"jetpack_publicize_connections":[],"jetpack_featured_media_url":"https:\/\/revistaepocadigital.com.ar\/wp-content\/uploads\/2021\/11\/inc.jpg","jetpack_likes_enabled":true,"_links":{"self":[{"href":"https:\/\/revistaepocadigital.com.ar\/index.php?rest_route=\/wp\/v2\/posts\/13571","targetHints":{"allow":["GET"]}}],"collection":[{"href":"https:\/\/revistaepocadigital.com.ar\/index.php?rest_route=\/wp\/v2\/posts"}],"about":[{"href":"https:\/\/revistaepocadigital.com.ar\/index.php?rest_route=\/wp\/v2\/types\/post"}],"author":[{"embeddable":true,"href":"https:\/\/revistaepocadigital.com.ar\/index.php?rest_route=\/wp\/v2\/users\/3"}],"replies":[{"embeddable":true,"href":"https:\/\/revistaepocadigital.com.ar\/index.php?rest_route=%2Fwp%2Fv2%2Fcomments&post=13571"}],"version-history":[{"count":0,"href":"https:\/\/revistaepocadigital.com.ar\/index.php?rest_route=\/wp\/v2\/posts\/13571\/revisions"}],"wp:featuredmedia":[{"embeddable":true,"href":"https:\/\/revistaepocadigital.com.ar\/index.php?rest_route=\/wp\/v2\/media\/13574"}],"wp:attachment":[{"href":"https:\/\/revistaepocadigital.com.ar\/index.php?rest_route=%2Fwp%2Fv2%2Fmedia&parent=13571"}],"wp:term":[{"taxonomy":"category","embeddable":true,"href":"https:\/\/revistaepocadigital.com.ar\/index.php?rest_route=%2Fwp%2Fv2%2Fcategories&post=13571"},{"taxonomy":"post_tag","embeddable":true,"href":"https:\/\/revistaepocadigital.com.ar\/index.php?rest_route=%2Fwp%2Fv2%2Ftags&post=13571"}],"curies":[{"name":"wp","href":"https:\/\/api.w.org\/{rel}","templated":true}]}}