{"id":13580,"date":"2021-11-14T12:22:53","date_gmt":"2021-11-14T15:22:53","guid":{"rendered":"https:\/\/revistaepocadigital.com.ar\/?p=13580"},"modified":"2021-11-14T12:22:53","modified_gmt":"2021-11-14T15:22:53","slug":"las-chicas-de-las-moras-en-futbol-femenino-campeonas","status":"publish","type":"post","link":"https:\/\/revistaepocadigital.com.ar\/?p=13580","title":{"rendered":"Las chicas de Las Moras en f\u00fatbol femenino campeonas!"},"content":{"rendered":"<div class=\"ns4p8fja j83agx80 cbu4d94t a6sixzi8 bkfpd7mw a1xu1aao nred35xi\" role=\"none\">\n<div class=\"ll8tlv6m j83agx80 cbu4d94t d2edcug0 l9j0dhe7\">\n<div class=\"j83agx80 k4urcfbm\" role=\"none\">\n<div class=\"l60d2q6s d1544ag0 sj5x9vvc tw6a2znq l9j0dhe7 ni8dbmo4 stjgntxs e72ty7fz qlfml3jp inkptoze qmr60zad jm1wdb64 qv66sw1b ljqsnud1 odn2s2vf tkr6xdv7\" role=\"none\">\n<div class=\"rq0escxv l9j0dhe7 du4w35lb __fb-light-mode\" role=\"none\">\n<div class=\"oo9gr5id ii04i59q\" dir=\"auto\" role=\"none\">\n<p><strong><strong>EXITOSA ACTUACI\u00d3N DE LOS EQUIPOS FEMENINOS DE LAS MORAS.<\/strong><\/strong><\/p>\n<div class=\"ns4p8fja j83agx80 cbu4d94t a6sixzi8 bkfpd7mw a1xu1aao nred35xi\" role=\"none\">\n<div class=\"ll8tlv6m j83agx80 cbu4d94t d2edcug0 l9j0dhe7\">\n<div class=\"j83agx80 k4urcfbm\" role=\"none\">\n<div dir=\"auto\" role=\"none\"><\/div>\n<\/div>\n<\/div>\n<\/div>\n<p><!--more--><\/p>\n<\/div>\n<div dir=\"auto\" role=\"none\"><\/div>\n<div class=\"oo9gr5id ii04i59q\" dir=\"auto\" role=\"none\">El conocido Centro Deportivo y Gastron\u00f3mico, ubicado sobre la ruta 39 en las inmeciaciones de Capilla del Se\u00f1or, volvi\u00f3 a conseguir \u00e9xitos en sus participaciones en el f\u00fatbol femenino.<\/div>\n<div dir=\"auto\" role=\"none\"><\/div>\n<div class=\"oo9gr5id ii04i59q\" dir=\"auto\" role=\"none\">La racha ganadora se prolong\u00f3 (6\/11) en la ciudad de Derqui. All\u00ed tuvieron lugar las finales de F\u00fatbol 7 femenino, campeonato organizado por la importante Liga Comunitaria Femenina de Pilar.<\/div>\n<\/div>\n<\/div>\n<\/div>\n<\/div>\n<div dir=\"auto\" role=\"none\"><\/div>\n<div class=\"ll8tlv6m j83agx80 cbu4d94t d2edcug0 l9j0dhe7\">\n<div class=\"j83agx80 k4urcfbm\" role=\"none\">\n<div class=\"l60d2q6s d1544ag0 sj5x9vvc tw6a2znq l9j0dhe7 ni8dbmo4 stjgntxs e72ty7fz qlfml3jp inkptoze qmr60zad jm1wdb64 qv66sw1b ljqsnud1 odn2s2vf tkr6xdv7\" role=\"none\">\n<div class=\"rq0escxv l9j0dhe7 du4w35lb __fb-light-mode\" role=\"none\">\n<div dir=\"auto\" role=\"none\">\n<figure id=\"attachment_13585\" aria-describedby=\"caption-attachment-13585\" style=\"width: 787px\" class=\"wp-caption aligncenter\"><img loading=\"lazy\" decoding=\"async\" class=\"size-full wp-image-13585\" src=\"https:\/\/revistaepocadigital.com.ar\/wp-content\/uploads\/2021\/11\/mor.jpg\" alt=\"\" width=\"787\" height=\"414\" srcset=\"https:\/\/revistaepocadigital.com.ar\/wp-content\/uploads\/2021\/11\/mor.jpg 787w, https:\/\/revistaepocadigital.com.ar\/wp-content\/uploads\/2021\/11\/mor-300x158.jpg 300w, https:\/\/revistaepocadigital.com.ar\/wp-content\/uploads\/2021\/11\/mor-768x404.jpg 768w, https:\/\/revistaepocadigital.com.ar\/wp-content\/uploads\/2021\/11\/mor-696x366.jpg 696w\" sizes=\"auto, (max-width: 787px) 100vw, 787px\" \/><figcaption id=\"caption-attachment-13585\" class=\"wp-caption-text\">Las nuevas camisetas. Fueron presentadas durante el festejo por los campeonatos ganados<\/figcaption><\/figure>\n<\/div>\n<div class=\"oo9gr5id ii04i59q\" dir=\"auto\" role=\"none\">Al cabo de 18 fechas, que indicaron la competitividad del torneo, y con gran n\u00famero de equipos pilarenses, Exaltaci\u00f3n De la Cruz mediante Las Moras conquist\u00f3 copas nuevamente.<\/div>\n<div dir=\"auto\" role=\"none\"><\/div>\n<div class=\"oo9gr5id ii04i59q\" dir=\"auto\" role=\"none\">Las campeonas de la Copa de Plata fueron las chicas de Las Moras B, mientras que Las Moras A triunfantes otra vez en el Trofeo de Campeonas del torneo largo, tal como en la temporada 2020. El gran logro las convirti\u00f3 en bicampeonas, adem\u00e1s sumaron otro halago al contar con la goleadora del campeonato, Laura Zafran.<\/div>\n<\/div>\n<div dir=\"auto\" role=\"none\">\n<figure id=\"attachment_13586\" aria-describedby=\"caption-attachment-13586\" style=\"width: 540px\" class=\"wp-caption aligncenter\"><img loading=\"lazy\" decoding=\"async\" class=\"size-full wp-image-13586\" src=\"https:\/\/revistaepocadigital.com.ar\/wp-content\/uploads\/2021\/11\/morr.jpg\" alt=\"\" width=\"540\" height=\"772\" srcset=\"https:\/\/revistaepocadigital.com.ar\/wp-content\/uploads\/2021\/11\/morr.jpg 540w, https:\/\/revistaepocadigital.com.ar\/wp-content\/uploads\/2021\/11\/morr-210x300.jpg 210w, https:\/\/revistaepocadigital.com.ar\/wp-content\/uploads\/2021\/11\/morr-294x420.jpg 294w\" sizes=\"auto, (max-width: 540px) 100vw, 540px\" \/><figcaption id=\"caption-attachment-13586\" class=\"wp-caption-text\">Mucha gente y gran clima se vio en las finales en Derqui<\/figcaption><\/figure>\n<\/div>\n<div class=\"rq0escxv l9j0dhe7 du4w35lb __fb-light-mode\" role=\"none\">\n<div dir=\"auto\" role=\"none\"><\/div>\n<div class=\"oo9gr5id ii04i59q\" dir=\"auto\" role=\"none\">Desde Las Moras Centro Deportivo y Gastron\u00f3mico agradecieron &#8220;al cuerpo t\u00e9cnico de ambos equipos y todas las jugadoras por el compromiso y pasi\u00f3n por el deporte, ahora a seguir prepar\u00e1ndonos para los pr\u00f3ximos campeonatos donde intervendremos&#8221;, comentaron desde Las Moras<\/div>\n<\/div>\n<\/div>\n<\/div>\n<\/div>\n<\/div>\n<div class=\"j83agx80\" role=\"none\">\n<div class=\"j83agx80 buofh1pr e409flbk\" role=\"none\" data-testid=\"message-container\">\n<div class=\"ns4p8fja j83agx80 cbu4d94t a6sixzi8 bkfpd7mw d2edcug0 buofh1pr nred35xi\" role=\"none\">\n<div class=\"buofh1pr rj1gh0hx\" role=\"none\"><\/div>\n<\/div>\n<\/div>\n<\/div>\n","protected":false},"excerpt":{"rendered":"<p>EXITOSA ACTUACI\u00d3N DE LOS EQUIPOS FEMENINOS DE LAS MORAS.<\/p>\n","protected":false},"author":4,"featured_media":13584,"comment_status":"open","ping_status":"open","sticky":false,"template":"","format":"standard","meta":{"footnotes":"","jetpack_publicize_message":"","jetpack_publicize_feature_enabled":true,"jetpack_social_post_already_shared":false,"jetpack_social_options":{"image_generator_settings":{"template":"highway","default_image_id":0,"font":"","enabled":false},"version":2}},"categories":[9],"tags":[1471,1470],"class_list":["post-13580","post","type-post","status-publish","format-standard","has-post-thumbnail","hentry","category-deportes","tag-futbol-femenino","tag-las-moras"],"jetpack_publicize_connections":[],"jetpack_featured_media_url":"https:\/\/revistaepocadigital.com.ar\/wp-content\/uploads\/2021\/11\/mora.jpg","jetpack_likes_enabled":true,"_links":{"self":[{"href":"https:\/\/revistaepocadigital.com.ar\/index.php?rest_route=\/wp\/v2\/posts\/13580","targetHints":{"allow":["GET"]}}],"collection":[{"href":"https:\/\/revistaepocadigital.com.ar\/index.php?rest_route=\/wp\/v2\/posts"}],"about":[{"href":"https:\/\/revistaepocadigital.com.ar\/index.php?rest_route=\/wp\/v2\/types\/post"}],"author":[{"embeddable":true,"href":"https:\/\/revistaepocadigital.com.ar\/index.php?rest_route=\/wp\/v2\/users\/4"}],"replies":[{"embeddable":true,"href":"https:\/\/revistaepocadigital.com.ar\/index.php?rest_route=%2Fwp%2Fv2%2Fcomments&post=13580"}],"version-history":[{"count":0,"href":"https:\/\/revistaepocadigital.com.ar\/index.php?rest_route=\/wp\/v2\/posts\/13580\/revisions"}],"wp:featuredmedia":[{"embeddable":true,"href":"https:\/\/revistaepocadigital.com.ar\/index.php?rest_route=\/wp\/v2\/media\/13584"}],"wp:attachment":[{"href":"https:\/\/revistaepocadigital.com.ar\/index.php?rest_route=%2Fwp%2Fv2%2Fmedia&parent=13580"}],"wp:term":[{"taxonomy":"category","embeddable":true,"href":"https:\/\/revistaepocadigital.com.ar\/index.php?rest_route=%2Fwp%2Fv2%2Fcategories&post=13580"},{"taxonomy":"post_tag","embeddable":true,"href":"https:\/\/revistaepocadigital.com.ar\/index.php?rest_route=%2Fwp%2Fv2%2Ftags&post=13580"}],"curies":[{"name":"wp","href":"https:\/\/api.w.org\/{rel}","templated":true}]}}