{"id":13624,"date":"2021-11-15T17:01:51","date_gmt":"2021-11-15T20:01:51","guid":{"rendered":"https:\/\/revistaepocadigital.com.ar\/?p=13624"},"modified":"2021-11-15T19:35:00","modified_gmt":"2021-11-15T22:35:00","slug":"un-concejo-como-los-vecinos-se-merecen-afirmo-raul-sancho","status":"publish","type":"post","link":"https:\/\/revistaepocadigital.com.ar\/?p=13624","title":{"rendered":"&#8220;Un Concejo como los vecinos se merecen&#8221;, afirm\u00f3 Ra\u00fal Sancho"},"content":{"rendered":"<div class=\"post-header\"><\/div>\n<h2><strong>JUNTOS, GANADOR EN EXALTACION DE LA CRUZ.<\/strong><\/h2>\n<p><!--more--><\/p>\n<p>&nbsp;<\/p>\n<p><img loading=\"lazy\" decoding=\"async\" class=\"aligncenter size-full wp-image-13634\" src=\"https:\/\/revistaepocadigital.com.ar\/wp-content\/uploads\/2021\/11\/SANCH-ELE21.png\" alt=\"\" width=\"295\" height=\"465\" srcset=\"https:\/\/revistaepocadigital.com.ar\/wp-content\/uploads\/2021\/11\/SANCH-ELE21.png 295w, https:\/\/revistaepocadigital.com.ar\/wp-content\/uploads\/2021\/11\/SANCH-ELE21-190x300.png 190w, https:\/\/revistaepocadigital.com.ar\/wp-content\/uploads\/2021\/11\/SANCH-ELE21-266x420.png 266w\" sizes=\"auto, (max-width: 295px) 100vw, 295px\" \/><\/p>\n<p>&nbsp;<\/p>\n<h6><strong>Ra\u00fal Sancho al frente de la lista de Juntos, habl\u00f3 luego de la victoria lograda en Exaltaci\u00f3n de la Cruz, en las elecciones de medio t\u00e9rmino.<\/strong><\/h6>\n<h6><strong>Juntos alcanz\u00f3 el 43,78 % de los votos, contra poco m\u00e1s del 40% del oficialista Frente de Todos, seg\u00fan la nota publicada en el peri\u00f3dico El Lugare\u00f1o. Juntos sumar\u00eda cuatro concejales y tres el Frente de Todos, en lo que implicar\u00e1 una relaci\u00f3n de fuerzas que obligar\u00e1 al debate.tres.<\/strong><\/h6>\n<p>\u201cEstoy contento por el trabajo de todo el equipo. Tuvimos en frente una maquinaria tremenda que hace una semana no para de regalar de todo, y la realidad es que tuvimos una elecci\u00f3n muy complicada con robo de boletas y muchas cosas que pasaron que complican el funcionamiento genuino de la democracia que por suerte se pudo volcar en el resultado\u201d, dijo el concejal a El Lugare\u00f1o.<\/p>\n<p>Consultado por los problemas durante la jornada de votaciones, apunt\u00f3 que son \u201cviejas ma\u00f1as de la vieja pol\u00edtica\u201d: \u201cpor suerte no fueron suficientes para torcerle la mano a un pueblo que se expres\u00f3 en las urnas, que me parece dej\u00f3 un mensaje claro\u201d<\/p>\n<p>Juntos lograba cuatro de los siete concejales en el HCD. \u201cQuedar\u00edamos cuatro para nosotros, tres para el Frente de Todos. Ir\u00edamos a un Concejo empatado en siete, y se deber\u00e1 trabajar mucho m\u00e1s desde el consenso y no de la imposici\u00f3n. Vamos a tener un Concejo Deliberante funcionando plenamente como los vecinos se lo merecen\u201d, sostuvo Sancho.<\/p>\n<figure id=\"attachment_13627\" aria-describedby=\"caption-attachment-13627\" style=\"width: 393px\" class=\"wp-caption aligncenter\"><img loading=\"lazy\" decoding=\"async\" class=\"size-full wp-image-13627\" src=\"https:\/\/revistaepocadigital.com.ar\/wp-content\/uploads\/2021\/11\/sancho-diiez-21.jpg-11.jpg\" alt=\"\" width=\"393\" height=\"304\" srcset=\"https:\/\/revistaepocadigital.com.ar\/wp-content\/uploads\/2021\/11\/sancho-diiez-21.jpg-11.jpg 393w, https:\/\/revistaepocadigital.com.ar\/wp-content\/uploads\/2021\/11\/sancho-diiez-21.jpg-11-300x232.jpg 300w\" sizes=\"auto, (max-width: 393px) 100vw, 393px\" \/><figcaption id=\"caption-attachment-13627\" class=\"wp-caption-text\">Sancho y Patricio Diez, ambos concejales electos.<\/figcaption><\/figure>\n<p>Consider\u00f3 adem\u00e1s que en la nueva etapa del Concejo &#8220;trabajar\u00e9 con las mismas ganas que hasta este momento, con las mimas ganas de siempre, y creo que vamos a tener m\u00e1s herramientas para dar muchas discusiones que no se hab\u00eda podido lograr antes\u201d.<\/p>\n<p>\u00bfAsoma otro HDC en Exaltaci\u00f3n de la Cruz?. Hagan juego se\u00f1ores&#8230;<\/p>\n<p>&nbsp;<\/p>\n","protected":false},"excerpt":{"rendered":"<p>JUNTOS, GANADOR EN EXALTACION DE LA CRUZ.<\/p>\n","protected":false},"author":3,"featured_media":13634,"comment_status":"open","ping_status":"open","sticky":false,"template":"","format":"standard","meta":{"footnotes":"","jetpack_publicize_message":"","jetpack_publicize_feature_enabled":true,"jetpack_social_post_already_shared":false,"jetpack_social_options":{"image_generator_settings":{"template":"highway","default_image_id":0,"font":"","enabled":false},"version":2}},"categories":[17],"tags":[1667,256],"class_list":["post-13624","post","type-post","status-publish","format-standard","has-post-thumbnail","hentry","category-politica","tag-elecciones-21","tag-sancho"],"jetpack_publicize_connections":[],"jetpack_featured_media_url":"https:\/\/revistaepocadigital.com.ar\/wp-content\/uploads\/2021\/11\/SANCH-ELE21.png","jetpack_likes_enabled":true,"_links":{"self":[{"href":"https:\/\/revistaepocadigital.com.ar\/index.php?rest_route=\/wp\/v2\/posts\/13624","targetHints":{"allow":["GET"]}}],"collection":[{"href":"https:\/\/revistaepocadigital.com.ar\/index.php?rest_route=\/wp\/v2\/posts"}],"about":[{"href":"https:\/\/revistaepocadigital.com.ar\/index.php?rest_route=\/wp\/v2\/types\/post"}],"author":[{"embeddable":true,"href":"https:\/\/revistaepocadigital.com.ar\/index.php?rest_route=\/wp\/v2\/users\/3"}],"replies":[{"embeddable":true,"href":"https:\/\/revistaepocadigital.com.ar\/index.php?rest_route=%2Fwp%2Fv2%2Fcomments&post=13624"}],"version-history":[{"count":0,"href":"https:\/\/revistaepocadigital.com.ar\/index.php?rest_route=\/wp\/v2\/posts\/13624\/revisions"}],"wp:featuredmedia":[{"embeddable":true,"href":"https:\/\/revistaepocadigital.com.ar\/index.php?rest_route=\/wp\/v2\/media\/13634"}],"wp:attachment":[{"href":"https:\/\/revistaepocadigital.com.ar\/index.php?rest_route=%2Fwp%2Fv2%2Fmedia&parent=13624"}],"wp:term":[{"taxonomy":"category","embeddable":true,"href":"https:\/\/revistaepocadigital.com.ar\/index.php?rest_route=%2Fwp%2Fv2%2Fcategories&post=13624"},{"taxonomy":"post_tag","embeddable":true,"href":"https:\/\/revistaepocadigital.com.ar\/index.php?rest_route=%2Fwp%2Fv2%2Ftags&post=13624"}],"curies":[{"name":"wp","href":"https:\/\/api.w.org\/{rel}","templated":true}]}}