{"id":13629,"date":"2021-11-15T19:19:22","date_gmt":"2021-11-15T22:19:22","guid":{"rendered":"https:\/\/revistaepocadigital.com.ar\/?p=13629"},"modified":"2021-11-15T19:19:22","modified_gmt":"2021-11-15T22:19:22","slug":"el-camino-al-2023-no-quedo-tan-llano-para-la-oposicion","status":"publish","type":"post","link":"https:\/\/revistaepocadigital.com.ar\/?p=13629","title":{"rendered":"\u201cEl camino al 2023 no qued\u00f3 tan llano para la oposici\u00f3n\u201d"},"content":{"rendered":"<div>\n<div><span style=\"font-size: large;\"><b>PARA REFLEXIONAR. LO SOSTUVO EL CONOCIDO ANALISTA POL\u00cdTICO RICARDO ROUVIER.<\/b><\/span><\/div>\n<\/div>\n<p><!--more--><\/p>\n<p>El analista pol\u00edtico Ricardo Rouvier destac\u00f3 que \u201cJuntos ha obtenido la victoria al ratificar los n\u00fameros de las PASO, pero el imaginario que se planteaba el 12 de septiembre respecto de que esta elecci\u00f3n iba a marcar una diferencia mayor y un paso autom\u00e1tico al 2023, no ocurri\u00f3\u201d.<\/p>\n<div>\n<div>En declaraciones a No Corras por FM 97 Une dijo, \u201choy lo que tenemos es una paridad. Hay dos fuerzas pol\u00edticas que se dividen el poder Legislativo y tienen una diferencia que se puede resolver hacia el 2023\u201d.<\/div>\n<div><\/div>\n<div>Rouvier sostuvo que el achicamiento de las diferencias \u201ctiene que ver con la recuperaci\u00f3n en el trabajo territorial, que no se pudo hacer antes del 12 septiembre pero se incorpor\u00f3 para las generales. Adem\u00e1s, los intendentes que pasaron a formar parte del gabinete bonaerense y gobernadores en el gabinete de la Naci\u00f3n, generaron algunos cambios\u201d.<\/div>\n<div><\/div>\n<div>Explic\u00f3 que \u201cal acercarse tanto el Frente de Todos en un distrito tan grande como es la provincia de Buenos Aires, el camino al 2023 para la oposici\u00f3n no es tan llano\u201d.<\/div>\n<div><\/div>\n<div>Rouvier se\u00f1al\u00f3 que el desaf\u00edo que se viene es el acuerdo con el Fondo Monetario y destac\u00f3 que si bien desde el oficialismo hay una \u201cllamada al di\u00e1logo\u201d por este tema, el \u00e1mbito para ello ser\u00e1 \u201cel Congreso\u201d.<\/div>\n<div><\/div>\n<div>Al respecto,sostuvo que esta cuesti\u00f3n \u201cva a ser complicada porque el FMI seguro va a pedir un ajuste\u201d.\u00a0Adem\u00e1s, Rouvier expres\u00f3 que \u201cel escenario interno del Frente de Todos tampoco puede ser visto como que all\u00ed no pasa nada porque tambi\u00e9n tienen que allanarse a un acuerdo con el Fondo\u201d.<\/div>\n<div><\/div>\n<div>Finalmente, se\u00f1al\u00f3 que otra de las cosas que deja en evidencia las \u00faltimas elecciones es la \u201crevitalizaci\u00f3n del radicalismo y esto significa que va a competir con Rodr\u00edguez Larreta por la candidatura presidencial\u201d.<\/div>\n<div><\/div>\n<div><img loading=\"lazy\" decoding=\"async\" class=\"aligncenter size-large wp-image-13631\" src=\"https:\/\/revistaepocadigital.com.ar\/wp-content\/uploads\/2021\/11\/elecc.-escue-675x1200.jpg\" alt=\"\" width=\"675\" height=\"1200\" srcset=\"https:\/\/revistaepocadigital.com.ar\/wp-content\/uploads\/2021\/11\/elecc.-escue-675x1200.jpg 675w, https:\/\/revistaepocadigital.com.ar\/wp-content\/uploads\/2021\/11\/elecc.-escue-169x300.jpg 169w, https:\/\/revistaepocadigital.com.ar\/wp-content\/uploads\/2021\/11\/elecc.-escue-696x1237.jpg 696w, https:\/\/revistaepocadigital.com.ar\/wp-content\/uploads\/2021\/11\/elecc.-escue-236x420.jpg 236w, https:\/\/revistaepocadigital.com.ar\/wp-content\/uploads\/2021\/11\/elecc.-escue-473x840.jpg 473w, https:\/\/revistaepocadigital.com.ar\/wp-content\/uploads\/2021\/11\/elecc.-escue.jpg 720w\" sizes=\"auto, (max-width: 675px) 100vw, 675px\" \/><\/div>\n<div>Fotos gentileza Capilla Online.<\/div>\n<\/div>\n","protected":false},"excerpt":{"rendered":"<p>PARA REFLEXIONAR. LO SOSTUVO EL CONOCIDO ANALISTA POL\u00cdTICO RICARDO ROUVIER.<\/p>\n","protected":false},"author":4,"featured_media":0,"comment_status":"open","ping_status":"open","sticky":false,"template":"","format":"standard","meta":{"footnotes":"","jetpack_publicize_message":"","jetpack_publicize_feature_enabled":true,"jetpack_social_post_already_shared":false,"jetpack_social_options":{"image_generator_settings":{"template":"highway","default_image_id":0,"font":"","enabled":false},"version":2}},"categories":[13],"tags":[1669,43,1670],"class_list":["post-13629","post","type-post","status-publish","format-standard","hentry","category-interes-general","tag-analisis-politico","tag-elecciones","tag-rouvier"],"jetpack_publicize_connections":[],"jetpack_featured_media_url":"","jetpack_likes_enabled":true,"_links":{"self":[{"href":"https:\/\/revistaepocadigital.com.ar\/index.php?rest_route=\/wp\/v2\/posts\/13629","targetHints":{"allow":["GET"]}}],"collection":[{"href":"https:\/\/revistaepocadigital.com.ar\/index.php?rest_route=\/wp\/v2\/posts"}],"about":[{"href":"https:\/\/revistaepocadigital.com.ar\/index.php?rest_route=\/wp\/v2\/types\/post"}],"author":[{"embeddable":true,"href":"https:\/\/revistaepocadigital.com.ar\/index.php?rest_route=\/wp\/v2\/users\/4"}],"replies":[{"embeddable":true,"href":"https:\/\/revistaepocadigital.com.ar\/index.php?rest_route=%2Fwp%2Fv2%2Fcomments&post=13629"}],"version-history":[{"count":0,"href":"https:\/\/revistaepocadigital.com.ar\/index.php?rest_route=\/wp\/v2\/posts\/13629\/revisions"}],"wp:attachment":[{"href":"https:\/\/revistaepocadigital.com.ar\/index.php?rest_route=%2Fwp%2Fv2%2Fmedia&parent=13629"}],"wp:term":[{"taxonomy":"category","embeddable":true,"href":"https:\/\/revistaepocadigital.com.ar\/index.php?rest_route=%2Fwp%2Fv2%2Fcategories&post=13629"},{"taxonomy":"post_tag","embeddable":true,"href":"https:\/\/revistaepocadigital.com.ar\/index.php?rest_route=%2Fwp%2Fv2%2Ftags&post=13629"}],"curies":[{"name":"wp","href":"https:\/\/api.w.org\/{rel}","templated":true}]}}