{"id":13637,"date":"2021-11-15T20:33:26","date_gmt":"2021-11-15T23:33:26","guid":{"rendered":"https:\/\/revistaepocadigital.com.ar\/?p=13637"},"modified":"2021-11-15T20:38:50","modified_gmt":"2021-11-15T23:38:50","slug":"maria-isabel-murillo-nueva-presidente-de-la-asociacion-mutual-roma","status":"publish","type":"post","link":"https:\/\/revistaepocadigital.com.ar\/?p=13637","title":{"rendered":"Mar\u00eda Isabel Murillo, nueva presidente de la Asociaci\u00f3n Mutual Roma"},"content":{"rendered":"<p><strong><u>LA NUEVA COMISI\u00d3N.<\/u><\/strong><!--more--><\/p>\n<p><strong>PRESIDENTE<\/strong><\/p>\n<p>*MURILLO MARIA ISABEL<\/p>\n<p>&nbsp;<\/p>\n<p><strong>VICE PRESIDENTE<\/strong><\/p>\n<p>*CASTRO MIRTA ALICIA<\/p>\n<p>&nbsp;<\/p>\n<p><strong>TESORERA<\/strong><\/p>\n<p>*GIANOLI MAR\u00cdA ANG\u00c9LICA<\/p>\n<p>&nbsp;<\/p>\n<p><strong>SECRETARIA <\/strong><\/p>\n<p>*SOSA ADRIANA ROSALIA<\/p>\n<p>&nbsp;<\/p>\n<p><strong>CONSEJEROS TITULARES<\/strong><\/p>\n<p>*CHELINI JOS\u00c9 ROBERTO<\/p>\n<p>*DICURTI MIRTA ALICIA<\/p>\n<p>*GRECCO OLGA<\/p>\n<p>&nbsp;<\/p>\n<p><strong>CONSEJEROS SUPLENTES<\/strong><\/p>\n<p>*GIMENEZ ISABEL<\/p>\n<p>*GARCIA AZUCENA<\/p>\n<p>*BLANCO EDUARDO JOS\u00c9<\/p>\n<p>&nbsp;<\/p>\n<p><strong>JUNTA FISCALIZADORA<\/strong><\/p>\n<p>*D\u00cdAZ MIRTA ALICIA<\/p>\n<p>*CABRERA MARTA ISABEL<\/p>\n<p>*STEFANIN GLORIA ISABEL<\/p>\n<p>&nbsp;<\/p>\n<p><strong><u>SUPLENTES<\/u><\/strong><\/p>\n<p>*STECCONI MARGARITA ROSA<\/p>\n<p>*CEJAS ALICIA SARA<\/p>\n<p>*BAHUER SILVIA O.<\/p>\n<p><strong><u>LA\u00a0 ASOCIACI\u00d3N MUTUAL ROMA <\/u><\/strong><\/p>\n<p><strong>INFORMA<\/strong> A SUS AFILIADOS QUE A PARTIR\u00a0 DEL D\u00cdA 10 DE NOVIEMBRE DEL 2021 SE HA RENOVADO LA COMISI\u00d3N DIRECTIVA, LA PRESIDE<strong>\u00a0MARIA ISABEL MURILLO<\/strong><\/p>\n<p>ADEM\u00c1S INVITAMOS A QUE SE ASOCIEN JUBILADOS Y PENSIONADOS DE NUESTRA COMUNIDAD CON LA FINALIDAD DE ENCONTRARNOS Y PODER PASAR UN RATO AGRADABLE EN NUESTRA INSTITUCI\u00d3N CITA EN MITRE 351.<\/p>\n<p><strong><u>HORARIO : <\/u><\/strong>DE 9 A 12 HORASDE LUNES A VIERNES.<\/p>\n<p><strong><u>TELEFONO<\/u><\/strong>: 2323 -327593<\/p>\n<p>&nbsp;<\/p>\n","protected":false},"excerpt":{"rendered":"<p>LA NUEVA COMISI\u00d3N.<\/p>\n","protected":false},"author":3,"featured_media":13641,"comment_status":"open","ping_status":"open","sticky":false,"template":"","format":"standard","meta":{"footnotes":"","jetpack_publicize_message":"","jetpack_publicize_feature_enabled":true,"jetpack_social_post_already_shared":false,"jetpack_social_options":{"image_generator_settings":{"template":"highway","default_image_id":0,"font":"","enabled":false},"version":2}},"categories":[14],"tags":[1671],"class_list":["post-13637","post","type-post","status-publish","format-standard","has-post-thumbnail","hentry","category-la-gente","tag-asociacion-mutual-roma"],"jetpack_publicize_connections":[],"jetpack_featured_media_url":"https:\/\/revistaepocadigital.com.ar\/wp-content\/uploads\/2021\/11\/RO.jpg","jetpack_likes_enabled":true,"_links":{"self":[{"href":"https:\/\/revistaepocadigital.com.ar\/index.php?rest_route=\/wp\/v2\/posts\/13637","targetHints":{"allow":["GET"]}}],"collection":[{"href":"https:\/\/revistaepocadigital.com.ar\/index.php?rest_route=\/wp\/v2\/posts"}],"about":[{"href":"https:\/\/revistaepocadigital.com.ar\/index.php?rest_route=\/wp\/v2\/types\/post"}],"author":[{"embeddable":true,"href":"https:\/\/revistaepocadigital.com.ar\/index.php?rest_route=\/wp\/v2\/users\/3"}],"replies":[{"embeddable":true,"href":"https:\/\/revistaepocadigital.com.ar\/index.php?rest_route=%2Fwp%2Fv2%2Fcomments&post=13637"}],"version-history":[{"count":0,"href":"https:\/\/revistaepocadigital.com.ar\/index.php?rest_route=\/wp\/v2\/posts\/13637\/revisions"}],"wp:featuredmedia":[{"embeddable":true,"href":"https:\/\/revistaepocadigital.com.ar\/index.php?rest_route=\/wp\/v2\/media\/13641"}],"wp:attachment":[{"href":"https:\/\/revistaepocadigital.com.ar\/index.php?rest_route=%2Fwp%2Fv2%2Fmedia&parent=13637"}],"wp:term":[{"taxonomy":"category","embeddable":true,"href":"https:\/\/revistaepocadigital.com.ar\/index.php?rest_route=%2Fwp%2Fv2%2Fcategories&post=13637"},{"taxonomy":"post_tag","embeddable":true,"href":"https:\/\/revistaepocadigital.com.ar\/index.php?rest_route=%2Fwp%2Fv2%2Ftags&post=13637"}],"curies":[{"name":"wp","href":"https:\/\/api.w.org\/{rel}","templated":true}]}}