{"id":1365,"date":"2019-01-23T01:58:56","date_gmt":"2019-01-23T04:58:56","guid":{"rendered":"https:\/\/revistaepocadigital.com.ar\/?p=1365"},"modified":"2019-01-23T10:21:30","modified_gmt":"2019-01-23T13:21:30","slug":"confirmar-descuentos-de-mutuales-y-cooperativas","status":"publish","type":"post","link":"https:\/\/revistaepocadigital.com.ar\/?p=1365","title":{"rendered":"Confirmar descuentos de mutuales y cooperativas"},"content":{"rendered":"<p><strong>LOS JUBILADOS Y PENSIONADOS.<\/strong><!--more--><\/p>\n<p>Pueden confirmar descuentos de mutuales y cooperativas hasta el 31 de marzo de 2019. ANSES record\u00f3 que prorrog\u00f3 hasta el <strong>31 de marzo de 2019,<\/strong> el plazo de confirmaci\u00f3n para los jubilados y pensionados que poseen descuentos de mutuales o cooperativas en sus recibos de haberes y deb\u00edan ratificarlos.<\/p>\n<p>De esta manera, y con el objetivo de asegurar la transparencia y brindar seguridad a los adultos mayores, el organismo previsional dispuso que quienes deseen continuar abonando un servicio de terceras entidades a trav\u00e9s de su recibo de haberes deber\u00e1n confirmar su aceptaci\u00f3n en <span style=\"color: #000000;\"><u><a style=\"color: #000000;\" href=\"http:\/\/www.anses.gob.ar\/mutuales\">www.anses.gob.ar\/mutuales<\/a><\/u>,<\/span> en una oficina del organismo o llamando al tel\u00e9fono gratuito desde n\u00fameros fijos 130 hasta esa fecha.<\/p>\n<p>&nbsp;<\/p>\n<p><strong>Grupos de pago para 24-1-19<\/strong><\/p>\n<ul>\n<li>Jubilados y pensionados cuyos haberes superan los $10.580 y sus documentos terminan en 0 y 1.<\/li>\n<li>Titulares de la Prestaci\u00f3n por Desempleo \u2013PLAN 1\u2013 con documentos terminados en 0 y 1.<\/li>\n<\/ul>\n<p>Los calendarios de pagos de todas las prestaciones pueden consultarse en <span style=\"color: #000000;\"><u><a style=\"color: #000000;\" href=\"http:\/\/www.anses.gob.ar\">www.anses.gob.ar<\/a><\/u><\/span>, opci\u00f3n <em>Accesos R\u00e1pidos<\/em>.<\/p>\n<p><strong>\u00a0<\/strong><\/p>\n<p>&nbsp;<\/p>\n","protected":false},"excerpt":{"rendered":"<p>LOS JUBILADOS Y PENSIONADOS.<\/p>\n","protected":false},"author":3,"featured_media":1367,"comment_status":"open","ping_status":"open","sticky":false,"template":"","format":"standard","meta":{"footnotes":"","jetpack_publicize_message":"","jetpack_publicize_feature_enabled":true,"jetpack_social_post_already_shared":false,"jetpack_social_options":{"image_generator_settings":{"template":"highway","default_image_id":0,"font":"","enabled":false},"version":2}},"categories":[81],"tags":[167,37,168],"class_list":["post-1365","post","type-post","status-publish","format-standard","has-post-thumbnail","hentry","category-anses","tag-24-1-19-k-flr-e","tag-destacada","tag-informe-anses-24-1-19"],"jetpack_publicize_connections":[],"jetpack_featured_media_url":"https:\/\/revistaepocadigital.com.ar\/wp-content\/uploads\/2019\/01\/ANSES1-1-3.jpg","jetpack_likes_enabled":true,"_links":{"self":[{"href":"https:\/\/revistaepocadigital.com.ar\/index.php?rest_route=\/wp\/v2\/posts\/1365","targetHints":{"allow":["GET"]}}],"collection":[{"href":"https:\/\/revistaepocadigital.com.ar\/index.php?rest_route=\/wp\/v2\/posts"}],"about":[{"href":"https:\/\/revistaepocadigital.com.ar\/index.php?rest_route=\/wp\/v2\/types\/post"}],"author":[{"embeddable":true,"href":"https:\/\/revistaepocadigital.com.ar\/index.php?rest_route=\/wp\/v2\/users\/3"}],"replies":[{"embeddable":true,"href":"https:\/\/revistaepocadigital.com.ar\/index.php?rest_route=%2Fwp%2Fv2%2Fcomments&post=1365"}],"version-history":[{"count":0,"href":"https:\/\/revistaepocadigital.com.ar\/index.php?rest_route=\/wp\/v2\/posts\/1365\/revisions"}],"wp:featuredmedia":[{"embeddable":true,"href":"https:\/\/revistaepocadigital.com.ar\/index.php?rest_route=\/wp\/v2\/media\/1367"}],"wp:attachment":[{"href":"https:\/\/revistaepocadigital.com.ar\/index.php?rest_route=%2Fwp%2Fv2%2Fmedia&parent=1365"}],"wp:term":[{"taxonomy":"category","embeddable":true,"href":"https:\/\/revistaepocadigital.com.ar\/index.php?rest_route=%2Fwp%2Fv2%2Fcategories&post=1365"},{"taxonomy":"post_tag","embeddable":true,"href":"https:\/\/revistaepocadigital.com.ar\/index.php?rest_route=%2Fwp%2Fv2%2Ftags&post=1365"}],"curies":[{"name":"wp","href":"https:\/\/api.w.org\/{rel}","templated":true}]}}