{"id":13650,"date":"2021-11-16T00:28:14","date_gmt":"2021-11-16T03:28:14","guid":{"rendered":"https:\/\/revistaepocadigital.com.ar\/?p=13650"},"modified":"2021-11-16T00:33:48","modified_gmt":"2021-11-16T03:33:48","slug":"nanni-sin-vueltas-me-preguntan-si-perdi-claro-que-perdi-segun-el-resultado-de-la-eleccion","status":"publish","type":"post","link":"https:\/\/revistaepocadigital.com.ar\/?p=13650","title":{"rendered":"NANNI SIN VUELTAS. &#8220;ME PREGUNTAN SI PERD\u00cd?, CLARO QUE PERD\u00cd SEG\u00daN EL RESULTADO DE LA ELECCI\u00d3N&#8221;"},"content":{"rendered":"<p><strong>EL INTENDENTE DIEGO NANNI ANTE EL REV\u00c9S ELECTORAL.<\/strong><!--more--><\/p>\n<p>Se expres\u00f3 a trav\u00e9s de la red social Facebook.<\/p>\n<p><img loading=\"lazy\" decoding=\"async\" class=\"aligncenter size-full wp-image-13653\" src=\"https:\/\/revistaepocadigital.com.ar\/wp-content\/uploads\/2021\/11\/nannni.png\" alt=\"\" width=\"325\" height=\"484\" srcset=\"https:\/\/revistaepocadigital.com.ar\/wp-content\/uploads\/2021\/11\/nannni.png 325w, https:\/\/revistaepocadigital.com.ar\/wp-content\/uploads\/2021\/11\/nannni-201x300.png 201w, https:\/\/revistaepocadigital.com.ar\/wp-content\/uploads\/2021\/11\/nannni-282x420.png 282w\" sizes=\"auto, (max-width: 325px) 100vw, 325px\" \/><\/p>\n<p>&nbsp;<\/p>\n","protected":false},"excerpt":{"rendered":"<p>EL INTENDENTE DIEGO NANNI ANTE EL REV\u00c9S ELECTORAL.<\/p>\n","protected":false},"author":3,"featured_media":13653,"comment_status":"open","ping_status":"open","sticky":false,"template":"","format":"standard","meta":{"footnotes":"","jetpack_publicize_message":"","jetpack_publicize_feature_enabled":true,"jetpack_social_post_already_shared":false,"jetpack_social_options":{"image_generator_settings":{"template":"highway","default_image_id":0,"font":"","enabled":false},"version":2}},"categories":[17],"tags":[851,66],"class_list":["post-13650","post","type-post","status-publish","format-standard","has-post-thumbnail","hentry","category-politica","tag-elecciones-2021","tag-nanni"],"jetpack_publicize_connections":[],"jetpack_featured_media_url":"https:\/\/revistaepocadigital.com.ar\/wp-content\/uploads\/2021\/11\/nannni.png","jetpack_likes_enabled":true,"_links":{"self":[{"href":"https:\/\/revistaepocadigital.com.ar\/index.php?rest_route=\/wp\/v2\/posts\/13650","targetHints":{"allow":["GET"]}}],"collection":[{"href":"https:\/\/revistaepocadigital.com.ar\/index.php?rest_route=\/wp\/v2\/posts"}],"about":[{"href":"https:\/\/revistaepocadigital.com.ar\/index.php?rest_route=\/wp\/v2\/types\/post"}],"author":[{"embeddable":true,"href":"https:\/\/revistaepocadigital.com.ar\/index.php?rest_route=\/wp\/v2\/users\/3"}],"replies":[{"embeddable":true,"href":"https:\/\/revistaepocadigital.com.ar\/index.php?rest_route=%2Fwp%2Fv2%2Fcomments&post=13650"}],"version-history":[{"count":0,"href":"https:\/\/revistaepocadigital.com.ar\/index.php?rest_route=\/wp\/v2\/posts\/13650\/revisions"}],"wp:featuredmedia":[{"embeddable":true,"href":"https:\/\/revistaepocadigital.com.ar\/index.php?rest_route=\/wp\/v2\/media\/13653"}],"wp:attachment":[{"href":"https:\/\/revistaepocadigital.com.ar\/index.php?rest_route=%2Fwp%2Fv2%2Fmedia&parent=13650"}],"wp:term":[{"taxonomy":"category","embeddable":true,"href":"https:\/\/revistaepocadigital.com.ar\/index.php?rest_route=%2Fwp%2Fv2%2Fcategories&post=13650"},{"taxonomy":"post_tag","embeddable":true,"href":"https:\/\/revistaepocadigital.com.ar\/index.php?rest_route=%2Fwp%2Fv2%2Ftags&post=13650"}],"curies":[{"name":"wp","href":"https:\/\/api.w.org\/{rel}","templated":true}]}}