{"id":13656,"date":"2021-11-18T07:50:50","date_gmt":"2021-11-18T10:50:50","guid":{"rendered":"https:\/\/revistaepocadigital.com.ar\/?p=13656"},"modified":"2021-11-18T07:50:50","modified_gmt":"2021-11-18T10:50:50","slug":"el-centro-de-educacion-fisica-no-159-se-llama-cabo-principal-luis-alberto-niz","status":"publish","type":"post","link":"https:\/\/revistaepocadigital.com.ar\/?p=13656","title":{"rendered":"El Centro de Educaci\u00f3n F\u00edsica n\u00ba 159 se llama &#8220;Cabo Principal Luis Alberto Niz&#8221;"},"content":{"rendered":"<div class=\"\" dir=\"auto\">\n<div id=\"jsc_c_1p\" class=\"ecm0bbzt hv4rvrfc ihqw7lf3 dati1w0a\" data-ad-comet-preview=\"message\" data-ad-preview=\"message\">\n<div class=\"j83agx80 cbu4d94t ew0dbk1b irj2b8pg\">\n<div class=\"qzhwtbm6 knvmm38d\">\n<div class=\"kvgmc6g5 cxmmr5t8 oygrvhab hcukyx3x c1et5uql ii04i59q\">\n<div dir=\"auto\"><strong><strong>UN MUY JUSTO RECONOCIMIENTO.<\/strong><\/strong><\/p>\n<div class=\"\" dir=\"auto\">\n<div id=\"jsc_c_1p\" class=\"ecm0bbzt hv4rvrfc ihqw7lf3 dati1w0a\" data-ad-comet-preview=\"message\" data-ad-preview=\"message\">\n<div class=\"j83agx80 cbu4d94t ew0dbk1b irj2b8pg\">\n<div class=\"qzhwtbm6 knvmm38d\">\n<div class=\"o9v6fnle cxmmr5t8 oygrvhab hcukyx3x c1et5uql ii04i59q\">\n<div dir=\"auto\"><\/div>\n<\/div>\n<\/div>\n<\/div>\n<\/div>\n<\/div>\n<p><!--more--><\/p>\n<\/div>\n<div dir=\"auto\"><\/div>\n<div dir=\"auto\">Se realizaba (18\/11) el acto oficial para imponer al Centro de Educaci\u00f3n F\u00edsica (CEF) N\u00b0 159 de Exaltaci\u00f3n de la Cruz, el nombre de \u201cCabo Principal Lu\u00eds Alberto Niz\u201d, ubicado en la calle Jos\u00e9 Sosa 424 de Capilla del Se\u00f1or.<\/div>\n<\/div>\n<div class=\"o9v6fnle cxmmr5t8 oygrvhab hcukyx3x c1et5uql ii04i59q\">\n<div dir=\"auto\"><\/div>\n<div dir=\"auto\">El vecino Lu\u00eds Niz fue uno de los 44 tripulantes del submarino \u201cA.R.A. San Juan\u201d, que desapareci\u00f3 en las profundidades del Mar Argentino a fines de 2017. Como es sabido, los restos de la embarcaci\u00f3n fueron ubicados un a\u00f1o despu\u00e9s en un punto del Atl\u00e1ntico Sur, a 907 metros en el lecho marino y a 600 kil\u00f3metros de Comodoro Rivadavia.<\/div>\n<\/div>\n<div class=\"o9v6fnle cxmmr5t8 oygrvhab hcukyx3x c1et5uql ii04i59q\">\n<div dir=\"auto\"><\/div>\n<div dir=\"auto\">Lu\u00eds hab\u00eda nacido el 19 de agosto de 1990 en San Miguel, provincia de Buenos Aires, y durante su infancia y adolescencia vivi\u00f3 en Capilla del Se\u00f1or. Estudio en la Escuela N\u00b0 1 hasta el 9\u00b0 a\u00f1o de EGB, cuando dicha escuela funcion\u00f3 en el actual CEF N\u00b0 159. Luego ingres\u00f3 en la Armada Argentina y fue destinado al \u201cARA San Juan\u201d, obteniendo el promedio m\u00e1s alto en el curso de submarinista.<\/div>\n<div dir=\"auto\"><\/div>\n<\/div>\n<div class=\"o9v6fnle cxmmr5t8 oygrvhab hcukyx3x c1et5uql ii04i59q\">\n<div dir=\"auto\">La imposici\u00f3n de su hombre al CEF N\u00ba 159, ha sido un muy merecido homenaje.<\/div>\n<\/div>\n<\/div>\n<\/div>\n<\/div>\n<\/div>\n","protected":false},"excerpt":{"rendered":"<p>UN MUY JUSTO RECONOCIMIENTO.<\/p>\n","protected":false},"author":3,"featured_media":13658,"comment_status":"open","ping_status":"open","sticky":false,"template":"","format":"standard","meta":{"footnotes":"","jetpack_publicize_message":"","jetpack_publicize_feature_enabled":true,"jetpack_social_post_already_shared":false,"jetpack_social_options":{"image_generator_settings":{"template":"highway","default_image_id":0,"font":"","enabled":false},"version":2}},"categories":[13],"tags":[1672,67],"class_list":["post-13656","post","type-post","status-publish","format-standard","has-post-thumbnail","hentry","category-interes-general","tag-cef-159","tag-niz"],"jetpack_publicize_connections":[],"jetpack_featured_media_url":"https:\/\/revistaepocadigital.com.ar\/wp-content\/uploads\/2021\/11\/niz..jpg","jetpack_likes_enabled":true,"_links":{"self":[{"href":"https:\/\/revistaepocadigital.com.ar\/index.php?rest_route=\/wp\/v2\/posts\/13656","targetHints":{"allow":["GET"]}}],"collection":[{"href":"https:\/\/revistaepocadigital.com.ar\/index.php?rest_route=\/wp\/v2\/posts"}],"about":[{"href":"https:\/\/revistaepocadigital.com.ar\/index.php?rest_route=\/wp\/v2\/types\/post"}],"author":[{"embeddable":true,"href":"https:\/\/revistaepocadigital.com.ar\/index.php?rest_route=\/wp\/v2\/users\/3"}],"replies":[{"embeddable":true,"href":"https:\/\/revistaepocadigital.com.ar\/index.php?rest_route=%2Fwp%2Fv2%2Fcomments&post=13656"}],"version-history":[{"count":0,"href":"https:\/\/revistaepocadigital.com.ar\/index.php?rest_route=\/wp\/v2\/posts\/13656\/revisions"}],"wp:featuredmedia":[{"embeddable":true,"href":"https:\/\/revistaepocadigital.com.ar\/index.php?rest_route=\/wp\/v2\/media\/13658"}],"wp:attachment":[{"href":"https:\/\/revistaepocadigital.com.ar\/index.php?rest_route=%2Fwp%2Fv2%2Fmedia&parent=13656"}],"wp:term":[{"taxonomy":"category","embeddable":true,"href":"https:\/\/revistaepocadigital.com.ar\/index.php?rest_route=%2Fwp%2Fv2%2Fcategories&post=13656"},{"taxonomy":"post_tag","embeddable":true,"href":"https:\/\/revistaepocadigital.com.ar\/index.php?rest_route=%2Fwp%2Fv2%2Ftags&post=13656"}],"curies":[{"name":"wp","href":"https:\/\/api.w.org\/{rel}","templated":true}]}}